{"id":2757,"date":"2024-04-02T07:24:15","date_gmt":"2024-04-02T06:24:15","guid":{"rendered":"https:\/\/bloc.xarxa-omnia.org\/laseu\/?p=2757"},"modified":"2024-04-02T07:25:09","modified_gmt":"2024-04-02T06:25:09","slug":"programacio-de-primavera-2","status":"publish","type":"post","link":"https:\/\/bloc.xarxa-omnia.org\/laseu\/2024\/04\/02\/programacio-de-primavera-2\/","title":{"rendered":"Programaci\u00f3 de primavera"},"content":{"rendered":"\n<p>Nova programaci\u00f3 de primavera en compet\u00e8ncies digitals.<\/p>\n\n\n\n<p>Aquest trimestre oferim tres tallers. Aquests s\u00f3n:<\/p>\n\n\n\n<ul class=\"wp-block-list\">\n<li><strong>MOU-TE PEL M\u00d2BIL<\/strong><strong> <\/strong><strong>&#8211; Porta el teu <\/strong><strong>tel\u00e8fon intel\u00b7ligent (<\/strong><em><strong>smartphone<\/strong><\/em><strong>) <\/strong><strong>i apr\u00e8n a fer-lo anar<\/strong><strong>. <\/strong><strong>Les persones inscrites han de <\/strong><strong>portar<\/strong><strong> el seu tel\u00e8fon intel\u00b7ligent<\/strong><strong>.<\/strong><strong><\/strong> <strong>Els di<\/strong><strong>lluns <\/strong><strong>de 1<\/strong><strong>6<\/strong><strong> a 17\u2019<\/strong><strong>30<\/strong><strong> h. <\/strong><strong>(Comen\u00e7a di<\/strong><strong>lluns<\/strong><strong> <\/strong><strong>15<\/strong><strong> d\u2019abril<\/strong><strong>).<\/strong><\/li>\n\n\n\n<li><strong>ESTIMULACI\u00d3 COGNITIVA<\/strong><strong>\u2013 <\/strong><strong>Estimula i treballa la ment.<\/strong> <strong>Els dimecres de 10 a 11:30h.<\/strong> <strong>(<\/strong><strong>Comen\u00e7a <\/strong><strong>dimecres<\/strong><strong> <\/strong><strong>17<\/strong><strong> d\u2019abril<\/strong><strong>)<\/strong><\/li>\n<\/ul>\n\n\n\n<ul class=\"wp-block-list\">\n<li><strong>GESTOR DE CONTRASENYES I PERMISOS APPS- Coneix qu\u00e8 s\u00f3n els gestors de contrasenyes i quins permisos s\u00f3n els necessaris quan baixem una app. Els dimecres de 16 a 17\u201930 h. (Comen\u00e7a dimecres 17 d\u2019abril).<\/strong><\/li>\n<\/ul>\n\n\n\n<p>Inscripcions 8 i 9 d\u2019abril del 2024 a partir de les 9 h des de la web <a href=\"https:\/\/www.laseu.cat\/tramits-i-serveis\/inscripcions\" data-type=\"link\" data-id=\"https:\/\/www.laseu.cat\/tramits-i-serveis\/inscripcions\">https:\/\/www.laseu.cat\/tramits-i-serveis\/inscripcions<\/a><\/p>\n\n\n\n<p>*Una inscripci\u00f3 per persona i curs. Tallers gratu\u00efts.<\/p>\n\n\n\n<p>*Recordem que les persones inscrites al trimestre anterior no poden repetir el mateix taller. Si queden places lliures s\u2019admetran previ av\u00eds<strong>.<\/strong><\/p>\n\n\n\n<p>*Les persones que ho necessitin podran fer la inscripci\u00f3 de forma presencial havent demanat cita pr\u00e8via al tel\u00e8fon 973 350 010 (EXT 8017)nom\u00e9s el dia 4 d\u2019abril de 10 a 13 h del 202<strong>4.<\/strong><\/p>\n\n\n\n<p>Els tallers comencen a partir del 15 d\u2019abril de 2024<\/p>\n\n\n\n<figure class=\"wp-block-gallery has-nested-images columns-default is-cropped wp-block-gallery-1 is-layout-flex wp-block-gallery-is-layout-flex\">\n<figure class=\"wp-block-image size-large\"><a href=\"https:\/\/bloc.xarxa-omnia.org\/laseu\/files\/2024\/04\/Cartell-Primavera.jpg\"><img loading=\"lazy\" decoding=\"async\" width=\"3507\" height=\"4960\" data-id=\"2761\" src=\"https:\/\/bloc.xarxa-omnia.org\/laseu\/files\/2024\/04\/Cartell-Primavera.jpg\" alt=\"\" class=\"wp-image-2761\" \/><\/a><\/figure>\n<\/figure>\n","protected":false},"excerpt":{"rendered":"<p>Nova programaci\u00f3 de primavera en compet\u00e8ncies digitals. Aquest trimestre oferim tres tallers. Aquests s\u00f3n: Inscripcions 8 i 9 d\u2019abril del 2024 a partir de les 9 h des de la web https:\/\/www.laseu.cat\/tramits-i-serveis\/inscripcions *Una inscripci\u00f3 per persona i curs. Tallers gratu\u00efts. *Recordem que les persones inscrites al trimestre anterior no poden repetir el mateix taller. Si [&hellip;]<\/p>\n","protected":false},"author":92,"featured_media":0,"comment_status":"open","ping_status":"open","sticky":false,"template":"","format":"standard","meta":{"ngg_post_thumbnail":0,"footnotes":""},"categories":[1],"tags":[],"class_list":["post-2757","post","type-post","status-publish","format-standard","hentry","category-general"],"_links":{"self":[{"href":"https:\/\/bloc.xarxa-omnia.org\/laseu\/wp-json\/wp\/v2\/posts\/2757","targetHints":{"allow":["GET"]}}],"collection":[{"href":"https:\/\/bloc.xarxa-omnia.org\/laseu\/wp-json\/wp\/v2\/posts"}],"about":[{"href":"https:\/\/bloc.xarxa-omnia.org\/laseu\/wp-json\/wp\/v2\/types\/post"}],"author":[{"embeddable":true,"href":"https:\/\/bloc.xarxa-omnia.org\/laseu\/wp-json\/wp\/v2\/users\/92"}],"replies":[{"embeddable":true,"href":"https:\/\/bloc.xarxa-omnia.org\/laseu\/wp-json\/wp\/v2\/comments?post=2757"}],"version-history":[{"count":2,"href":"https:\/\/bloc.xarxa-omnia.org\/laseu\/wp-json\/wp\/v2\/posts\/2757\/revisions"}],"predecessor-version":[{"id":2762,"href":"https:\/\/bloc.xarxa-omnia.org\/laseu\/wp-json\/wp\/v2\/posts\/2757\/revisions\/2762"}],"wp:attachment":[{"href":"https:\/\/bloc.xarxa-omnia.org\/laseu\/wp-json\/wp\/v2\/media?parent=2757"}],"wp:term":[{"taxonomy":"category","embeddable":true,"href":"https:\/\/bloc.xarxa-omnia.org\/laseu\/wp-json\/wp\/v2\/categories?post=2757"},{"taxonomy":"post_tag","embeddable":true,"href":"https:\/\/bloc.xarxa-omnia.org\/laseu\/wp-json\/wp\/v2\/tags?post=2757"}],"curies":[{"name":"wp","href":"https:\/\/api.w.org\/{rel}","templated":true}]}}