{"id":2764,"date":"2024-05-20T14:33:15","date_gmt":"2024-05-20T13:33:15","guid":{"rendered":"https:\/\/bloc.xarxa-omnia.org\/laseu\/?p=2764"},"modified":"2024-05-22T07:17:02","modified_gmt":"2024-05-22T06:17:02","slug":"per-molts-anys","status":"publish","type":"post","link":"https:\/\/bloc.xarxa-omnia.org\/laseu\/2024\/05\/20\/per-molts-anys\/","title":{"rendered":"Per molts anys!!"},"content":{"rendered":"\n<p>Per molts anys!! \ud83c\udf82\ud83c\udf82<\/p>\n\n\n\n<p>1999-2024: la Xarxa \u00d2mnia celebra els seus 25 anys!<\/p>\n\n\n\n<p>L\u2019any 1999 la Generalitat de Catalunya posava en marxa el programa \u00d2mnia amb l\u2019objectiu de democratitzar l\u2019acc\u00e9s a les Tecnologies de la Informaci\u00f3 i la Comunicaci\u00f3 (TIC).<\/p>\n\n\n\n<p>Es van crear 43 punts \u00d2mnia, que es van ubicar a territoris amb reptes econ\u00f2mics, socials i culturals.<\/p>\n\n\n\n<p>En el cas de La Seu d\u2019Urgell la implantaci\u00f3 del Punt \u00d2mnia va ser l\u2019any 2002 i des de llavors #lomniadelaseu no ha deixat mai de donar formacions i capacitar a la ciutadania de #laseu i de la comarca de #alturgell , sempre vetllant per una democratitzaci\u00f3 de les eines Tic aix\u00ed com fer que la famosa bretxa digital sigui cada vegada m\u00e9s petita.<\/p>\n\n\n\n<p>Esperem que el projecte sigui cada vegada m\u00e9s viu, arribar m\u00e9s lluny i estar encara m\u00e9s a prop de ls persones, donant resposta a la ciutadania, a les realitats i al dia a dia de tots ells i elles.<\/p>\n\n\n\n<p>Des d\u2019aqu\u00ed donar les gr\u00e0cies a totes les persones que en algun moment han vingut a l\u2019\u00d2mnia de La Seu, entre totes i tots hem fet que el programa \u00d2mnia sigui un projecte m\u00e9s gran, on tothom t\u00e9 cabuda i on per nosaltres els dinamitzadors el m\u00e9s important \u00e9s fer una atenci\u00f3 de qualitat, protegir, mantenir, defensar els interessos dels nostres i les nostres participants i continuar donant resposta a les demandes que ens arriben.<\/p>\n\n\n\n<p>I com no, tamb\u00e9 donar les gr\u00e0cies a <a href=\"https:\/\/www.facebook.com\/ajlaseu?__cft__[0]=AZUuagVgPN_2oHgM2wA8B6ErUNPo9HhuWnCzb1qoqa5yN0YimW6VO9TWbkkFZb-XO_lW5YzbX6EzVXFEvC_9fznVagdvwyYgOcoOMUfEBWCBtshDt3Wn2JO_lcrBgID0ctuPu469USm7KInAsbHVFWs95ClqdMi0INe2gY6Qbnay4nBYO4HJp_RC6gHfLHTZFkk&amp;__tn__=-]K-R\">Ajuntament de la Seu d&#8217;Urgell<\/a> per voler apostar per aquest projecte, la ciudadania i la tecnologia.<\/p>\n\n\n\n<p><\/p>\n\n\n\n<p>#permoltsanys #25anys\u00f2mnia #omniaseu #laseu #TIC<\/p>\n\n\n\n<p>GR\u00c0CIES!!<\/p>\n\n\n\n<p><\/p>\n\n\n\n<figure class=\"wp-block-image size-full\"><a href=\"https:\/\/bloc.xarxa-omnia.org\/laseu\/files\/2024\/05\/logo_omnia_25anys.png\"><img loading=\"lazy\" decoding=\"async\" width=\"737\" height=\"244\" src=\"https:\/\/bloc.xarxa-omnia.org\/laseu\/files\/2024\/05\/logo_omnia_25anys.png\" alt=\"\" class=\"wp-image-2765\" \/><\/a><\/figure>\n","protected":false},"excerpt":{"rendered":"<p>Per molts anys!! \ud83c\udf82\ud83c\udf82 1999-2024: la Xarxa \u00d2mnia celebra els seus 25 anys! L\u2019any 1999 la Generalitat de Catalunya posava en marxa el programa \u00d2mnia amb l\u2019objectiu de democratitzar l\u2019acc\u00e9s a les Tecnologies de la Informaci\u00f3 i la Comunicaci\u00f3 (TIC). Es van crear 43 punts \u00d2mnia, que es van ubicar a territoris amb reptes econ\u00f2mics, [&hellip;]<\/p>\n","protected":false},"author":92,"featured_media":0,"comment_status":"open","ping_status":"open","sticky":false,"template":"","format":"standard","meta":{"ngg_post_thumbnail":0,"footnotes":""},"categories":[1],"tags":[],"class_list":["post-2764","post","type-post","status-publish","format-standard","hentry","category-general"],"_links":{"self":[{"href":"https:\/\/bloc.xarxa-omnia.org\/laseu\/wp-json\/wp\/v2\/posts\/2764","targetHints":{"allow":["GET"]}}],"collection":[{"href":"https:\/\/bloc.xarxa-omnia.org\/laseu\/wp-json\/wp\/v2\/posts"}],"about":[{"href":"https:\/\/bloc.xarxa-omnia.org\/laseu\/wp-json\/wp\/v2\/types\/post"}],"author":[{"embeddable":true,"href":"https:\/\/bloc.xarxa-omnia.org\/laseu\/wp-json\/wp\/v2\/users\/92"}],"replies":[{"embeddable":true,"href":"https:\/\/bloc.xarxa-omnia.org\/laseu\/wp-json\/wp\/v2\/comments?post=2764"}],"version-history":[{"count":3,"href":"https:\/\/bloc.xarxa-omnia.org\/laseu\/wp-json\/wp\/v2\/posts\/2764\/revisions"}],"predecessor-version":[{"id":2769,"href":"https:\/\/bloc.xarxa-omnia.org\/laseu\/wp-json\/wp\/v2\/posts\/2764\/revisions\/2769"}],"wp:attachment":[{"href":"https:\/\/bloc.xarxa-omnia.org\/laseu\/wp-json\/wp\/v2\/media?parent=2764"}],"wp:term":[{"taxonomy":"category","embeddable":true,"href":"https:\/\/bloc.xarxa-omnia.org\/laseu\/wp-json\/wp\/v2\/categories?post=2764"},{"taxonomy":"post_tag","embeddable":true,"href":"https:\/\/bloc.xarxa-omnia.org\/laseu\/wp-json\/wp\/v2\/tags?post=2764"}],"curies":[{"name":"wp","href":"https:\/\/api.w.org\/{rel}","templated":true}]}}