{"id":2773,"date":"2024-05-27T08:08:41","date_gmt":"2024-05-27T07:08:41","guid":{"rendered":"https:\/\/bloc.xarxa-omnia.org\/laseu\/?p=2773"},"modified":"2024-06-03T06:34:11","modified_gmt":"2024-06-03T05:34:11","slug":"cuina-dorigen-llegendaria-2024","status":"publish","type":"post","link":"https:\/\/bloc.xarxa-omnia.org\/laseu\/2024\/05\/27\/cuina-dorigen-llegendaria-2024\/","title":{"rendered":"Cuina d&#8217;origen- Llegend\u00e0ria 2024"},"content":{"rendered":"\n<h4 class=\"wp-block-heading\">1era Mostra d&#8217;Interculturalitat<\/h4>\n\n\n\n<p>Llegend\u00e0ria \u00e9s un esdeveniment, que fomenta la lectura, l&#8217;escriptura i la cultura liter\u00e0ria. Enguany t\u00e9 com a lema &#8216;La volta al m\u00f3n en un dia&#8217;. S&#8217;entrella\u00e7a amb la celebraci\u00f3 d&#8217;una nova proposta que tamb\u00e9 tindr\u00e0 lloc el dissabte 1 de juny: la <strong>1a Mostra Intercultural de la Seu<\/strong> i  l&#8217;\u00d2mnia de la Seu ha participat en la creaci\u00f3 d&#8217;un receptari de cuina fet pels participants de diferents proced\u00e8ncies que tenim al nostre espai.<\/p>\n\n\n\n<p>Cadascuna de les persones que han volgut participar, han fet arribar les receptes per diferents canals de comunicaci\u00f3 com whatsapp, mail o per escrit, etc. i despr\u00e9s amb totes elles hem creat un receptari amb Canva, un QR on els visitants poden descarregar el llibre i un Issu on el llibre queda penjat digitalment per un futur.<\/p>\n\n\n\n<p>En aquest llibre podrem llegir receptes de l&#8217;\u00cdndia, Col\u00f2mbia, Marroc, Uruguai, Alg\u00e8ria, It\u00e0lia, Portugal&#8230; un total de 28 receptes.<\/p>\n\n\n\n<p>Una vegada m\u00e9s els participants del Punt \u00d2mnia de La Seu participen en propostes i activitats per generar teixit social, donant a con\u00e8ixer i donant visibilitat a les diferents nacionalitats que conviuen al municipi, fomentant a la vegada la cultura i la participaci\u00f3.<\/p>\n\n\n\n<p>Clica l&#8217;Issu per poder visualitzar-lo amb digital <a href=\"https:\/\/issuu.com\/laseu\/docs\/cuina_d_origen\">https:\/\/issuu.com\/laseu\/docs\/cuina_d_origen<\/a><\/p>\n\n\n\n<p>O descarrega&#8217;l amb el QR<\/p>\n\n\n\n<figure class=\"wp-block-image size-full\"><a href=\"https:\/\/issuu.com\/laseu\/docs\/cuina_d_origen\"><img loading=\"lazy\" decoding=\"async\" width=\"649\" height=\"918\" src=\"https:\/\/bloc.xarxa-omnia.org\/laseu\/files\/2024\/05\/Captura-de-2024-05-27-08-43-22.png\" alt=\"\" class=\"wp-image-2775\" style=\"aspect-ratio:4\/3;object-fit:cover\" \/><\/a><\/figure>\n\n\n\n<figure class=\"wp-block-image size-full\"><a href=\"https:\/\/bloc.xarxa-omnia.org\/laseu\/files\/2024\/05\/1716793013729.jpg\"><img loading=\"lazy\" decoding=\"async\" width=\"351\" height=\"348\" src=\"https:\/\/bloc.xarxa-omnia.org\/laseu\/files\/2024\/05\/1716793013729.jpg\" alt=\"\" class=\"wp-image-2776\" \/><\/a><\/figure>\n\n\n\n<figure class=\"wp-block-image size-full\"><a href=\"https:\/\/bloc.xarxa-omnia.org\/laseu\/files\/2024\/05\/Emerald-Green-QR-Code-Website-Business-Facebook-Post-1.png\"><img loading=\"lazy\" decoding=\"async\" width=\"940\" height=\"788\" src=\"https:\/\/bloc.xarxa-omnia.org\/laseu\/files\/2024\/05\/Emerald-Green-QR-Code-Website-Business-Facebook-Post-1.png\" alt=\"\" class=\"wp-image-2782\" style=\"aspect-ratio:4\/3;object-fit:cover\" \/><\/a><\/figure>\n\n\n\n<figure class=\"wp-block-image size-full\"><a href=\"https:\/\/bloc.xarxa-omnia.org\/laseu\/files\/2024\/06\/Collage-Instagram-Story.png\"><img loading=\"lazy\" decoding=\"async\" width=\"1080\" height=\"1920\" src=\"https:\/\/bloc.xarxa-omnia.org\/laseu\/files\/2024\/06\/Collage-Instagram-Story.png\" alt=\"\" class=\"wp-image-2787\" \/><\/a><\/figure>\n","protected":false},"excerpt":{"rendered":"<p>1era Mostra d&#8217;Interculturalitat Llegend\u00e0ria \u00e9s un esdeveniment, que fomenta la lectura, l&#8217;escriptura i la cultura liter\u00e0ria. Enguany t\u00e9 com a lema &#8216;La volta al m\u00f3n en un dia&#8217;. S&#8217;entrella\u00e7a amb la celebraci\u00f3 d&#8217;una nova proposta que tamb\u00e9 tindr\u00e0 lloc el dissabte 1 de juny: la 1a Mostra Intercultural de la Seu i l&#8217;\u00d2mnia de la [&hellip;]<\/p>\n","protected":false},"author":92,"featured_media":0,"comment_status":"open","ping_status":"open","sticky":false,"template":"","format":"standard","meta":{"ngg_post_thumbnail":0,"footnotes":""},"categories":[1],"tags":[],"class_list":["post-2773","post","type-post","status-publish","format-standard","hentry","category-general"],"_links":{"self":[{"href":"https:\/\/bloc.xarxa-omnia.org\/laseu\/wp-json\/wp\/v2\/posts\/2773","targetHints":{"allow":["GET"]}}],"collection":[{"href":"https:\/\/bloc.xarxa-omnia.org\/laseu\/wp-json\/wp\/v2\/posts"}],"about":[{"href":"https:\/\/bloc.xarxa-omnia.org\/laseu\/wp-json\/wp\/v2\/types\/post"}],"author":[{"embeddable":true,"href":"https:\/\/bloc.xarxa-omnia.org\/laseu\/wp-json\/wp\/v2\/users\/92"}],"replies":[{"embeddable":true,"href":"https:\/\/bloc.xarxa-omnia.org\/laseu\/wp-json\/wp\/v2\/comments?post=2773"}],"version-history":[{"count":4,"href":"https:\/\/bloc.xarxa-omnia.org\/laseu\/wp-json\/wp\/v2\/posts\/2773\/revisions"}],"predecessor-version":[{"id":2788,"href":"https:\/\/bloc.xarxa-omnia.org\/laseu\/wp-json\/wp\/v2\/posts\/2773\/revisions\/2788"}],"wp:attachment":[{"href":"https:\/\/bloc.xarxa-omnia.org\/laseu\/wp-json\/wp\/v2\/media?parent=2773"}],"wp:term":[{"taxonomy":"category","embeddable":true,"href":"https:\/\/bloc.xarxa-omnia.org\/laseu\/wp-json\/wp\/v2\/categories?post=2773"},{"taxonomy":"post_tag","embeddable":true,"href":"https:\/\/bloc.xarxa-omnia.org\/laseu\/wp-json\/wp\/v2\/tags?post=2773"}],"curies":[{"name":"wp","href":"https:\/\/api.w.org\/{rel}","templated":true}]}}