{"id":2808,"date":"2024-08-16T07:26:59","date_gmt":"2024-08-16T06:26:59","guid":{"rendered":"https:\/\/bloc.xarxa-omnia.org\/laseu\/?p=2808"},"modified":"2024-09-09T06:37:54","modified_gmt":"2024-09-09T05:37:54","slug":"nous-tallers-tardor-2024","status":"publish","type":"post","link":"https:\/\/bloc.xarxa-omnia.org\/laseu\/2024\/08\/16\/nous-tallers-tardor-2024\/","title":{"rendered":"Nous tallers Tardor 2024"},"content":{"rendered":"\n<p>Tornem a oferir una nova programaci\u00f3 per aquesta tardor.<\/p>\n\n\n\n<p>Aquests tallers estan pensants per a la ciutadania i com sempre l&#8217;objectiu \u00e9s la capacitaci\u00f3 en les TIC.<\/p>\n\n\n\n<p>Els tallers programats s\u00f3n:<\/p>\n\n\n\n<ul class=\"wp-block-list\" style=\"font-style:normal;font-weight:400\">\n<li><strong>MOU-TE PEL M\u00d2BIL<\/strong> &#8211; Porta el teu tel\u00e8fon intel\u00b7ligent i apr\u00e8n a fer-lo anar. Les persones inscrites han de portar el seu tel\u00e8fon intel\u00b7ligent. Els dilluns de 10 a 11:30 h. (Comen\u00e7a dilluns 23 de setembre).<\/li>\n\n\n\n<li><strong>RETOC D\u2019IMATGES AMB GIMP I IA <\/strong>\u2013 Vols aprendre a retocar les teves imatges amb el programa GIMP i amb IA (intel\u00b7lig\u00e8ncia artificial). Els dilluns de 16 a 17:30 h (Comen\u00e7a dilluns 23 de setembre).<\/li>\n\n\n\n<li><strong>NAVEGA SEGUR PER LA XARXA<\/strong> &#8211; Navega per la xarxa vetllant per la seguretat i la privacitat i apr\u00e8n sobre navegadors diferents i trucs. Els dimarts de 15:30 a 17 h. (Comen\u00e7a dimarts 24 de setembre).<\/li>\n\n\n\n<li><strong>MOU-TE PEL M\u00d2BIL- <\/strong>Porta el teu tel\u00e8fon intel\u00b7ligent i apr\u00e8n a fer-lo anar. Les persones inscrites han de portar el seu tel\u00e8fon intel\u00b7ligent. Els dimecres de 16 a 17:30 h. (Comen\u00e7a dimecres 25 de setembre).<\/li>\n<\/ul>\n\n\n\n<p>Les inscripcions ser\u00e0n en l\u00ednia el 16 i 17 de setembre des de la web <a href=\"http:\/\/www.laseu.cat\/tramits-i-serveis\/inscripcions\" data-type=\"link\" data-id=\"http:\/\/www.laseu.cat\/tramits-i-serveis\/inscripcions\">http:\/\/www.laseu.cat\/tramits-i-serveis\/inscripcions<\/a><\/p>\n\n\n\n<p><strong>RECORDEU<\/strong>:<\/p>\n\n\n\n<p><strong>*Una inscripci\u00f3 per persona i curs. Tallers gratu\u00efts.<\/strong><\/p>\n\n\n\n<p><strong>*Recordem que les persones inscrites al trimestre anterior no poden repetir el mateix taller. Si queden places lliures s\u2019admetran previ av\u00eds.<\/strong><\/p>\n\n\n\n<p><strong>*Les persones que ho necessitin podran fer la inscripci\u00f3 de forma presencial havent demanat cita pr\u00e8via al tel\u00e8fon 973 35<\/strong><strong>0 010 (EXT 8017)<\/strong><strong>nom\u00e9s <\/strong><strong>el di<\/strong><strong>a <\/strong><strong>13<\/strong><strong> de setembre <\/strong><strong>de 10 a 13 h<\/strong><strong> del 2024<\/strong><strong>.<\/strong><\/p>\n\n\n\n<figure class=\"wp-block-gallery has-nested-images columns-default is-cropped wp-block-gallery-1 is-layout-flex wp-block-gallery-is-layout-flex\">\n<figure class=\"wp-block-image size-large\"><a href=\"https:\/\/bloc.xarxa-omnia.org\/laseu\/files\/2024\/08\/Cartell-tardor.jpg\"><img loading=\"lazy\" decoding=\"async\" width=\"1169\" height=\"1653\" data-id=\"2809\" src=\"https:\/\/bloc.xarxa-omnia.org\/laseu\/files\/2024\/08\/Cartell-tardor.jpg\" alt=\"\" class=\"wp-image-2809\" \/><\/a><\/figure>\n<\/figure>\n","protected":false},"excerpt":{"rendered":"<p>Tornem a oferir una nova programaci\u00f3 per aquesta tardor. Aquests tallers estan pensants per a la ciutadania i com sempre l&#8217;objectiu \u00e9s la capacitaci\u00f3 en les TIC. Els tallers programats s\u00f3n: Les inscripcions ser\u00e0n en l\u00ednia el 16 i 17 de setembre des de la web http:\/\/www.laseu.cat\/tramits-i-serveis\/inscripcions RECORDEU: *Una inscripci\u00f3 per persona i curs. Tallers [&hellip;]<\/p>\n","protected":false},"author":92,"featured_media":0,"comment_status":"open","ping_status":"open","sticky":false,"template":"","format":"standard","meta":{"ngg_post_thumbnail":0,"footnotes":""},"categories":[1],"tags":[],"class_list":["post-2808","post","type-post","status-publish","format-standard","hentry","category-general"],"_links":{"self":[{"href":"https:\/\/bloc.xarxa-omnia.org\/laseu\/wp-json\/wp\/v2\/posts\/2808","targetHints":{"allow":["GET"]}}],"collection":[{"href":"https:\/\/bloc.xarxa-omnia.org\/laseu\/wp-json\/wp\/v2\/posts"}],"about":[{"href":"https:\/\/bloc.xarxa-omnia.org\/laseu\/wp-json\/wp\/v2\/types\/post"}],"author":[{"embeddable":true,"href":"https:\/\/bloc.xarxa-omnia.org\/laseu\/wp-json\/wp\/v2\/users\/92"}],"replies":[{"embeddable":true,"href":"https:\/\/bloc.xarxa-omnia.org\/laseu\/wp-json\/wp\/v2\/comments?post=2808"}],"version-history":[{"count":2,"href":"https:\/\/bloc.xarxa-omnia.org\/laseu\/wp-json\/wp\/v2\/posts\/2808\/revisions"}],"predecessor-version":[{"id":2811,"href":"https:\/\/bloc.xarxa-omnia.org\/laseu\/wp-json\/wp\/v2\/posts\/2808\/revisions\/2811"}],"wp:attachment":[{"href":"https:\/\/bloc.xarxa-omnia.org\/laseu\/wp-json\/wp\/v2\/media?parent=2808"}],"wp:term":[{"taxonomy":"category","embeddable":true,"href":"https:\/\/bloc.xarxa-omnia.org\/laseu\/wp-json\/wp\/v2\/categories?post=2808"},{"taxonomy":"post_tag","embeddable":true,"href":"https:\/\/bloc.xarxa-omnia.org\/laseu\/wp-json\/wp\/v2\/tags?post=2808"}],"curies":[{"name":"wp","href":"https:\/\/api.w.org\/{rel}","templated":true}]}}