{"id":2825,"date":"2024-09-24T16:53:39","date_gmt":"2024-09-24T15:53:39","guid":{"rendered":"https:\/\/bloc.xarxa-omnia.org\/laseu\/?p=2825"},"modified":"2024-09-24T16:53:42","modified_gmt":"2024-09-24T15:53:42","slug":"comencem-2","status":"publish","type":"post","link":"https:\/\/bloc.xarxa-omnia.org\/laseu\/2024\/09\/24\/comencem-2\/","title":{"rendered":"COMENCEM!"},"content":{"rendered":"\n<p>Not\u00edcia extreta de www.laseu.cat<\/p>\n\n\n\n<h1 class=\"wp-block-heading\" id=\"parent-fieldname-title\">El Punt \u00d2mnia arrenca els nous tallers de tardor sobre compet\u00e8ncies digitals amb prop de 60 alumnes<\/h1>\n\n\n\n<p id=\"parent-fieldname-description\">Les propostes formatives per aquest trimestre s\u00f3n: Mou-te pel m\u00f2bil (2 tallers diferents); Retoc d\u2019imatges amb GIMP i IA; i Navega segur per la xarxa.<\/p>\n\n\n\n<p>23-09-2024<\/p>\n\n\n\n<p><a href=\"https:\/\/www.laseu.cat\/news\/el-punt-omnia-arrenca-els-nous-tallers-de-tardor-sobre-competencies-digitals-amb-prop-de-60-alumnes\/image\"><\/a><\/p>\n\n\n\n<p>Part del nou material que gaudeix el Punt \u00d2mnia de la Seu d&#8217;Urgell.<\/p>\n\n\n\n<p>El Punt \u00d2mnia de la Seu d\u2019Urgell inicia avui els nous tallers de tardor dedicats a les compet\u00e8ncies digitals amb un <strong>total de 57 persones inscrites<\/strong>. Concretament els tallers que s\u2019inicien aquesta setmana s\u00f3n: <strong>Mou-te pel m\u00f2bil (2 tallers diferents)<\/strong>;<strong> Retoc d\u2019imatges amb GIMP i IA<\/strong>; i<strong> Navega segur per la xarxa<\/strong>.&nbsp;<\/p>\n\n\n\n<p>A m\u00e9s a m\u00e9s, aquest trimestre el Punt \u00d2mnia tamb\u00e9 col\u00b7labora amb entitats i col\u00b7lectius de la Seu com s\u00f3n amb els i les joves de la Unitat d\u2019Escolaritzaci\u00f3 Compartida (UEC), &nbsp;persones amb diversitat funcional del Centre Claror, un taller d\u2019inserci\u00f3 amb el Servei P\u00fablic d\u2019Ocupaci\u00f3 de Catalunya (SOC) , amb el Grup de Dones a trav\u00e9s de l\u2019\u00c0rea B\u00e0sica de Salut del Centre d\u2019Atenci\u00f3 Prim\u00e0ria (CAP) i amb els i les joves d\u2019Itineraris Formatius Espec\u00edfics (IFE) de l\u2019institut Joan Brudieu.&nbsp;&nbsp;&nbsp;<\/p>\n\n\n\n<p>Val a dir que al llarg d\u2019aquest trimestre <strong>un total de 75 persones<\/strong> faran \u00fas d\u2019aquest servei al nostre municipi que afavoreix la inclusi\u00f3 social a trav\u00e9s de les tecnologies.&nbsp;<\/p>\n\n\n\n<p>La tinent d\u2019alcalde d\u2019Acci\u00f3 Social de l\u2019Ajuntament de la Seu, <strong>Christina Moreno<\/strong>,&nbsp; subratlla que el servei que ofereix el Punt \u00d2mnia <strong>\u201cva m\u00e9s enll\u00e0 d\u2019un aprenentatge en noves tecnologies. La seva \u00e9s una tasca social; d\u2019accessibilitat a la informaci\u00f3, de drets, d&#8217;oportunitats i llibertats. Per aix\u00f2, gr\u00e0cies a projectes com el que ens ocupa, podem&nbsp; sentir que es treballa i vetlla per a la ciutadania\u201d<\/strong>. Moreno afegeix al respecte que <strong>\u201c\u00e9s fascinant, a m\u00e9s a m\u00e9s, com aquest servei s\u2019adapta a les necessitats dels usuaris i usu\u00e0ries, oferint des de la proximitat eines per a l&#8217;autonomia i llibertat personal i social\u201d.<\/strong> La regidora desitja un curs ple d\u2019aprenentatges i connexions a totes les persones que el gaudiran i un gran reconeixement a la professional que dona vida al projecte.&nbsp;<\/p>\n\n\n\n<p><strong>Nou material<\/strong>&nbsp;<\/p>\n\n\n\n<p>D\u2019altra banda, el passat mes de juny la Direcci\u00f3 General d\u2019Acci\u00f3 C\u00edvica i Comunit\u00e0ria (DGACC) del Departament de Drets Socials i Inclusi\u00f3 de la Generalitat de Catalunya, al qual pertany la Xarxa \u00d2mnia, va dotar al projecte de 8 ordinadors port\u00e0tils, impressora\/esc\u00e0ner de paper, impressora 3D, com tamb\u00e9 robots, un dron, ulleres de realitat virtual i 9 tauletes.<\/p>\n\n\n\n<p>A m\u00e9s am\u00e9s, l\u2019Ajuntament de la Seu d&#8217;Urgell ha renovat aquest estiu el mobiliari de l\u2019espai aix\u00ed com tamb\u00e9 ha dotat d\u2019una nova instal\u00b7laci\u00f3 de llum per millorar la il\u00b7luminaci\u00f3 de l\u2019espai i ha dotat de pantalles el servei per complementar els port\u00e0tils rebuts, ja que la mida de les pantalles no eren massa \u00f2ptimes pels diferents col\u00b7lectius i necessitats.<\/p>\n\n\n\n<p>El Punt \u00d2mnia tamb\u00e9 \u00e9s un punt de suport per la ciutadania que pugui necessitar ajuda i, per tant, ofereix unes hores d\u2019acc\u00e9s lliure on poder rebre ajuda. Per obtenir m\u00e9s informaci\u00f3 sobre l\u2019horari d\u2019acc\u00e9s lliure es pot consultar al web: <a href=\"https:\/\/bloc.xarxa-omnia.org\/laseu\/horari-agost-2009\/\">https:\/\/bloc.xarxa-omnia.org\/laseu\/<\/a><\/p>\n\n\n\n<figure class=\"wp-block-image size-full\"><a href=\"https:\/\/bloc.xarxa-omnia.org\/laseu\/files\/2024\/09\/Diseno-sin-titulo5.png\"><img loading=\"lazy\" decoding=\"async\" width=\"1080\" height=\"1080\" src=\"https:\/\/bloc.xarxa-omnia.org\/laseu\/files\/2024\/09\/Diseno-sin-titulo5.png\" alt=\"\" class=\"wp-image-2826\" \/><\/a><\/figure>\n\n\n\n<figure class=\"wp-block-gallery has-nested-images columns-default is-cropped wp-block-gallery-1 is-layout-flex wp-block-gallery-is-layout-flex\">\n<figure class=\"wp-block-image size-large\"><a href=\"https:\/\/bloc.xarxa-omnia.org\/laseu\/files\/2024\/09\/Diseno-sin-titulo6.png\"><img loading=\"lazy\" decoding=\"async\" width=\"940\" height=\"788\" data-id=\"2827\" src=\"https:\/\/bloc.xarxa-omnia.org\/laseu\/files\/2024\/09\/Diseno-sin-titulo6.png\" alt=\"\" class=\"wp-image-2827\" \/><\/a><\/figure>\n<\/figure>\n","protected":false},"excerpt":{"rendered":"<p>Not\u00edcia extreta de www.laseu.cat El Punt \u00d2mnia arrenca els nous tallers de tardor sobre compet\u00e8ncies digitals amb prop de 60 alumnes Les propostes formatives per aquest trimestre s\u00f3n: Mou-te pel m\u00f2bil (2 tallers diferents); Retoc d\u2019imatges amb GIMP i IA; i Navega segur per la xarxa. 23-09-2024 Part del nou material que gaudeix el Punt [&hellip;]<\/p>\n","protected":false},"author":92,"featured_media":0,"comment_status":"open","ping_status":"open","sticky":false,"template":"","format":"standard","meta":{"ngg_post_thumbnail":0,"footnotes":""},"categories":[1],"tags":[],"class_list":["post-2825","post","type-post","status-publish","format-standard","hentry","category-general"],"_links":{"self":[{"href":"https:\/\/bloc.xarxa-omnia.org\/laseu\/wp-json\/wp\/v2\/posts\/2825","targetHints":{"allow":["GET"]}}],"collection":[{"href":"https:\/\/bloc.xarxa-omnia.org\/laseu\/wp-json\/wp\/v2\/posts"}],"about":[{"href":"https:\/\/bloc.xarxa-omnia.org\/laseu\/wp-json\/wp\/v2\/types\/post"}],"author":[{"embeddable":true,"href":"https:\/\/bloc.xarxa-omnia.org\/laseu\/wp-json\/wp\/v2\/users\/92"}],"replies":[{"embeddable":true,"href":"https:\/\/bloc.xarxa-omnia.org\/laseu\/wp-json\/wp\/v2\/comments?post=2825"}],"version-history":[{"count":1,"href":"https:\/\/bloc.xarxa-omnia.org\/laseu\/wp-json\/wp\/v2\/posts\/2825\/revisions"}],"predecessor-version":[{"id":2828,"href":"https:\/\/bloc.xarxa-omnia.org\/laseu\/wp-json\/wp\/v2\/posts\/2825\/revisions\/2828"}],"wp:attachment":[{"href":"https:\/\/bloc.xarxa-omnia.org\/laseu\/wp-json\/wp\/v2\/media?parent=2825"}],"wp:term":[{"taxonomy":"category","embeddable":true,"href":"https:\/\/bloc.xarxa-omnia.org\/laseu\/wp-json\/wp\/v2\/categories?post=2825"},{"taxonomy":"post_tag","embeddable":true,"href":"https:\/\/bloc.xarxa-omnia.org\/laseu\/wp-json\/wp\/v2\/tags?post=2825"}],"curies":[{"name":"wp","href":"https:\/\/api.w.org\/{rel}","templated":true}]}}