{"id":2830,"date":"2024-10-11T12:24:02","date_gmt":"2024-10-11T11:24:02","guid":{"rendered":"https:\/\/bloc.xarxa-omnia.org\/laseu\/?p=2830"},"modified":"2024-10-11T12:24:03","modified_gmt":"2024-10-11T11:24:03","slug":"hem-de-seguir-lluitant-per-una-alfabetitzacio-digital-democratica","status":"publish","type":"post","link":"https:\/\/bloc.xarxa-omnia.org\/laseu\/2024\/10\/11\/hem-de-seguir-lluitant-per-una-alfabetitzacio-digital-democratica\/","title":{"rendered":"&#8220;Hem de seguir lluitant per una alfabetitzaci\u00f3 digital democr\u00e0tica&#8221;"},"content":{"rendered":"\n<p>Not\u00edcia extreta de la web <a href=\"https:\/\/xarxaomnia.gencat.cat\/noticies\/ester-collado-hem-de-seguir-lluitant-una-alfabetitzaci-digital-democr-tica\">https:\/\/xarxaomnia.gencat.cat\/noticies\/ester-collado-hem-de-seguir-lluitant-una-alfabetitzaci-digital-democr-tica<\/a><\/p>\n\n\n\n<p><strong>En motiu dels 25 anys del programa \u00d2mnia, comencem una s\u00e8rie d&#8217;entrevistes a persones dinamitzadores, responsables d&#8217;entitats gestores i representants pol\u00edtics per fer balan\u00e7 d&#8217;aquesta traject\u00f2ria i apuntar, de forma conjunta, els reptes de futur. Comencem amb una de les professionals de la dinamitzaci\u00f3 m\u00e9s veteranes de la Xarxa \u00d2mnia: l&#8217;Ester Collado. Ella <\/strong><strong>\u00e9s dinamitzadora del Punt \u00d2mnia del Centre C\u00edvic l&#8217;Escorxador &#8211; La Seu d&#8217;Urgell des de fa 21 anys!<\/strong><\/p>\n\n\n\n<p><strong>Com vas arribar al programa?<\/strong><\/p>\n\n\n\n<p>Vaig con\u00e8ixer el projecte l&#8217;any 2002 quan treballava amb els joves de la UEC (Unitat d\u2019Escolaritzaci\u00f3 Compartida). Em va semblar un projecte molt potent que agrupava molts \u00e0mbits on poder treballar de forma integral i transversal amb les persones a trav\u00e9s d\u2019una eina molt atractiva.<\/p>\n\n\n\n<p>Poc temps despr\u00e9s em van trucar per si estava interessada a portar el projecte endavant. La veritat \u00e9s que vaig pensar que era impossible que em truquessin a mi, per la manca de coneixements en TIC que tenia&#8230; Amb el temps t\u2019adones que el coneixement tecnol\u00f2gic \u00e9s important, per\u00f2 la part social del projecte tamb\u00e9 t\u00e9 un pes molt gran.<\/p>\n\n\n\n<p>Els principis van ser durs! Una feina nova amb tot el que comporta: aprenentatges nous, tecnologia que gaireb\u00e9 no havia tocat, amb la que gaireb\u00e9 no havia experimentat&#8230; per\u00f2 vint-i-un anys despr\u00e9s continuo treballant amb la mateixa il\u00b7lusi\u00f3!<\/p>\n\n\n\n<p><strong>Qu\u00e8 representa \u00d2mnia en la teva traject\u00f2ria professional i personal?<\/strong><\/p>\n\n\n\n<p>El projecte \u00d2mnia ha capgirat la meva traject\u00f2ria professional. Jo treballava en el m\u00f3n social, i concretament amb joves, per\u00f2 mai m&#8217;hauria plantejat treballar en un projecte tecnol\u00f2gic perqu\u00e8 el meu nivell TIC era molt b\u00e0sic. Desconeixia si seria capa\u00e7 de dinamitzar en aquest \u00e0mbit, sense perdre de vista la part educativa i inclusiva.<\/p>\n\n\n\n<p>Mai m\u2019hauria imaginat que podria aprendre tot el que he apr\u00e8s gr\u00e0cies a les diferents formacions, per\u00f2 sobretot gr\u00e0cies al coneixement compartit i l\u2019ajuda que els companys m&#8217;han ofert.<\/p>\n\n\n\n<p>Sempre dic que dues de les coses que m\u00e9s m&#8217;agraden de treballar a \u00d2mnia s\u00f3n que continuo aprenent de tothom i el contacte directe amb la gent i veure el seu progr\u00e9s d&#8217;aprenentatge. \u00c9s una feina que et xucla energia, per\u00f2 \u00e9s molt gratificant. L\u2019\u00d2mnia m\u2019ha ensenyat a treballar i desenvolupar la paci\u00e8ncia, l&#8217;escolta cap a l\u2019altre, per\u00f2 sobretot a no jutjar i comen\u00e7ar amb les persones des de zero.<\/p>\n\n\n\n<p><strong>Com han canviat les necessitats de les persones participants al llarg d&#8217;aquests anys?<\/strong><\/p>\n\n\n\n<p>Quan vaig arribar al 2003 al projecte, a La Seu no hi havia espais on la ciutadania pogu\u00e9s capacitar-se en les TIC. Tamb\u00e9 hi havia manca de dispositius i acc\u00e9s a la xarxa. El fet que \u00d2mnia ofer\u00eds suport hum\u00e0 reunia condicions perqu\u00e8 la ciutadania fes de l\u2019espai un lloc on aprendre, per\u00f2 per mi el m\u00e9s bonic \u00e9s que van crear un espai de trobada on socialitzar i sentir-se membres de la comunitat.<\/p>\n\n\n\n<p>Hem de pensar que en aquella \u00e8poca la majoria de les persones venien per comen\u00e7ar amb l&#8217;alfabetitzaci\u00f3 digital, per\u00f2 sense donar-li massa import\u00e0ncia. Tamb\u00e9 recordo molts usuaris que venien a connectar-se per poder-se comunicar amb familiars via mail o amb el fam\u00f3s Messenger.<\/p>\n\n\n\n<p>Amb el temps la tecnologia ha anat canviant i ara la majoria dels participants que tenim venen per fer formacions i capacitar-se en compet\u00e8ncies digitals. La ciutadania en general ha ent\u00e8s la import\u00e0ncia de tenir coneixements en aquest \u00e0mbit per desenvolupar-se en els \u00e0mbits personal i laboral. Ara \u00e9s una eina vital per poder estar dins de la comunitat i aquest \u00e9s un dels principals objectius del projecte, trencar la bretxa digital tinguis l&#8217;edat que tinguis, sexe o proced\u00e8ncia.<\/p>\n\n\n\n<p><strong>Aquest ritme de digitalitzaci\u00f3 tamb\u00e9 fa que les persones dinamitzadores h\u00e0giu de tenir una formaci\u00f3 i actualitzaci\u00f3 constants. Com has viscut tu aquests canvis?<\/strong><\/p>\n\n\n\n<p>Si volem que la ciutadania tingui coneixements TIC i sigui aut\u00f2noma, els dinamitzadors dels espais \u00d2mnia hem de formar-nos perqu\u00e8 el m\u00f3n tecnol\u00f2gic canvia constantment i hem de donar resposta a la demanda que ens arriba. A m\u00e9s, cada espai \u00d2mnia \u00e9s un microclima segons el lloc geogr\u00e0fic on es troba. La realitat d&#8217;un espai de muntanya \u00e9s diferent a la de ciutat.<\/p>\n\n\n\n<p>L&#8217;ideal seria rebre formacions de forma continuada, per\u00f2 la realitat \u00e9s que pels dinamitzadors \u00e9s dif\u00edcil compaginar la feina amb fer formacions per diferents raons. A vegades \u00e9s perqu\u00e8 les formacions que ens ofereixen no s&#8217;adeq\u00fcen a la nostra realitat \u2013 i acabem aprenent de forma autodidacta o amb l&#8217;ajuda d&#8217;altres companys \u2013 i d&#8217;altres vegades per falta de temps. El perfil de persona dinamitzadora \u00e9s complex i no sempre est\u00e0 reconegut; malgrat que som la primera l\u00ednia de batalla per la ciutadania. Aix\u00f2 ho vam veure durant la pand\u00e8mia, quan els \u00d2mnia vam ser claus per ajudar les fam\u00edlies, donar suport escolar a joves i infants, acompanyar els aut\u00f2noms amb tr\u00e0mits amb SEPE\/SOC o les prestacions socials b\u00e0siques, etc.<\/p>\n\n\n\n<p>La figura del dinamitzador dinamitza l&#8217;espai i aix\u00f2 vol dir que, a m\u00e9s dels tallers amb diferents tipus de poblaci\u00f3, desenvolupem treball comunitari; contactem amb entitats i serveis; i fem xarxa per sumar recursos, coordinacions i reunions amb agents externs i professionals del territori. Tamb\u00e9 oferim hores programades d&#8217;acc\u00e9s on qualsevol persona pot tenir suport hum\u00e0, o simplement escoltem la persona que ens arriba al nostre servei. I em deixo mil coses m\u00e9s que fem dins del nostre dia a dia!<\/p>\n\n\n\n<p><strong>Quins reptes afronta la Xarxa \u00d2mnia de cara als pr\u00f2xims anys?<\/strong><\/p>\n\n\n\n<p>Crec que en podria dir diferents, per\u00f2 per a mi un dels m\u00e9s importants \u00e9s donar i recon\u00e8ixer la import\u00e0ncia que mereix el projecte i fer una aposta ferma per aquest, com tamb\u00e9 fer un reconeixement sincer del treball dels dinamitzadors i dinamitzadores.<\/p>\n\n\n\n<p>I com diu a la web del programa, continuar lluitant perqu\u00e8 el &#8220;programa continu\u00ef sent un programa preventiu, d&#8217;intervenci\u00f3 social, socioeducatiu, comunitari i de suport que abordi les desigualtats socials des de l&#8217;acci\u00f3 comunit\u00e0ria i les TIC, afavorint la inclusi\u00f3 i vinculaci\u00f3 de les persones a la seva comunitat&#8221;.<\/p>\n\n\n\n<p>La tecnologia avan\u00e7a molt r\u00e0pidament i la Xarxa ha de seguir aquest ritme. Sabem que \u00e9s dif\u00edcil, per tema econ\u00f2mic, recursos, etc., per\u00f2 \u00e9s important que treballem plegats per arribar al destinatari que \u00e9s el ciutad\u00e0.<\/p>\n\n\n\n<p><strong>Quin missatge vols traslladar a la fam\u00edlia \u00d2mnia (participants, entitats gestores, dines&#8230;) en aquest aniversari?<\/strong><\/p>\n\n\n\n<p>Felicitats per la feina feta fins ara! Hem d&#8217;estar orgullosos d&#8217;on hem arribat i qu\u00e8 som. Continuarem sent referents per moltes persones i lluitant des dels nostres espais per una alfabetitzaci\u00f3 digital democr\u00e0tica.<\/p>\n\n\n\n<figure class=\"wp-block-image size-full\"><a href=\"https:\/\/bloc.xarxa-omnia.org\/laseu\/files\/2024\/10\/Diseno-sin-titulo5.png\"><img loading=\"lazy\" decoding=\"async\" width=\"940\" height=\"788\" src=\"https:\/\/bloc.xarxa-omnia.org\/laseu\/files\/2024\/10\/Diseno-sin-titulo5.png\" alt=\"\" class=\"wp-image-2831\" \/><\/a><\/figure>\n","protected":false},"excerpt":{"rendered":"<p>Not\u00edcia extreta de la web https:\/\/xarxaomnia.gencat.cat\/noticies\/ester-collado-hem-de-seguir-lluitant-una-alfabetitzaci-digital-democr-tica En motiu dels 25 anys del programa \u00d2mnia, comencem una s\u00e8rie d&#8217;entrevistes a persones dinamitzadores, responsables d&#8217;entitats gestores i representants pol\u00edtics per fer balan\u00e7 d&#8217;aquesta traject\u00f2ria i apuntar, de forma conjunta, els reptes de futur. Comencem amb una de les professionals de la dinamitzaci\u00f3 m\u00e9s veteranes de la Xarxa [&hellip;]<\/p>\n","protected":false},"author":92,"featured_media":0,"comment_status":"open","ping_status":"open","sticky":false,"template":"","format":"standard","meta":{"ngg_post_thumbnail":0,"footnotes":""},"categories":[1],"tags":[],"class_list":["post-2830","post","type-post","status-publish","format-standard","hentry","category-general"],"_links":{"self":[{"href":"https:\/\/bloc.xarxa-omnia.org\/laseu\/wp-json\/wp\/v2\/posts\/2830","targetHints":{"allow":["GET"]}}],"collection":[{"href":"https:\/\/bloc.xarxa-omnia.org\/laseu\/wp-json\/wp\/v2\/posts"}],"about":[{"href":"https:\/\/bloc.xarxa-omnia.org\/laseu\/wp-json\/wp\/v2\/types\/post"}],"author":[{"embeddable":true,"href":"https:\/\/bloc.xarxa-omnia.org\/laseu\/wp-json\/wp\/v2\/users\/92"}],"replies":[{"embeddable":true,"href":"https:\/\/bloc.xarxa-omnia.org\/laseu\/wp-json\/wp\/v2\/comments?post=2830"}],"version-history":[{"count":1,"href":"https:\/\/bloc.xarxa-omnia.org\/laseu\/wp-json\/wp\/v2\/posts\/2830\/revisions"}],"predecessor-version":[{"id":2832,"href":"https:\/\/bloc.xarxa-omnia.org\/laseu\/wp-json\/wp\/v2\/posts\/2830\/revisions\/2832"}],"wp:attachment":[{"href":"https:\/\/bloc.xarxa-omnia.org\/laseu\/wp-json\/wp\/v2\/media?parent=2830"}],"wp:term":[{"taxonomy":"category","embeddable":true,"href":"https:\/\/bloc.xarxa-omnia.org\/laseu\/wp-json\/wp\/v2\/categories?post=2830"},{"taxonomy":"post_tag","embeddable":true,"href":"https:\/\/bloc.xarxa-omnia.org\/laseu\/wp-json\/wp\/v2\/tags?post=2830"}],"curies":[{"name":"wp","href":"https:\/\/api.w.org\/{rel}","templated":true}]}}