{"id":2876,"date":"2025-01-07T15:39:38","date_gmt":"2025-01-07T14:39:38","guid":{"rendered":"https:\/\/bloc.xarxa-omnia.org\/laseu\/?p=2876"},"modified":"2025-01-07T15:39:39","modified_gmt":"2025-01-07T14:39:39","slug":"programacio-hivern-2025","status":"publish","type":"post","link":"https:\/\/bloc.xarxa-omnia.org\/laseu\/2025\/01\/07\/programacio-hivern-2025\/","title":{"rendered":"Programaci\u00f3 Hivern 2025"},"content":{"rendered":"\n<p>I despr\u00e9s d&#8217;aquests dies arriba la <a href=\"https:\/\/www.facebook.com\/hashtag\/normalitat?__eep__=6&amp;__cft__[0]=AZUvhclzW5DCeKY1jfqZBBfaCpKSjPtSUCuLrIvoGtLJOFCYXqgY54auSfCVHYDNFOv1HTsmx58KyP_WgBn96XUMZT892_n2dpvun8qK9qxyiX_KF76YiDD4YFGeXCdF_3rgtDJHfDhaiAgPdWqz1LgMRUMStjlLA-hWJUdntbZYXQ&amp;__tn__=*NK-R\">#normalitat<\/a>.<\/p>\n\n\n\n<p>Hem continuat treballant per oferir una nova proposta formativa.<\/p>\n\n\n\n<p>Aqu\u00ed teniu la nova programaci\u00f3 per aquest trimestre:<\/p>\n\n\n\n<p><strong>ESTIMULACI\u00d3 COGNITIVA<\/strong> &#8211; Estimula i treballa la ment a trav\u00e9s<br>de les TRIC, els dilluns de 16 a 17:30 h. (comen\u00e7a dilluns 27 de<br>gener).<\/p>\n\n\n\n<ul class=\"wp-block-list\">\n<li><strong>MOU-TE PEL M\u00d2BIL<\/strong> &#8211; Porta el teu tel\u00e8fon intel\u00b7ligent i apr\u00e8n a<br>fer-lo anar. Les persones inscrites han de portar el seu tel\u00e8fon<br>intel\u00b7ligent. Els dimarts de 15:30 a 17 h. (Comen\u00e7a dimarts 28<br>de gener).<\/li>\n\n\n\n<li><strong>EINES GOOGLE<\/strong> &#8211; Apr\u00e8n a fer anar les diferents eines de Google<br>com el Maps, Traductor, Calendari, Drive, Lens, etc. Aquest<br>taller es far\u00e0 de forma dual amb l\u2019ordinador i el tel\u00e8fon<br>intel\u00b7ligent. Els dimecres de 16 a 17:30 h. (Comen\u00e7a dimecres 29 de gener).<\/li>\n<\/ul>\n\n\n\n<p><strong><em>INSCRIPCIONS EN L\u00cdNIA<\/em><\/strong><br><a href=\"http:\/\/www.laseu.cat\/tramits-i-serveis\/inscripcions\">http:\/\/www.laseu.cat\/tramits-i-serveis\/inscripcions<\/a><br>13 i 14 de gener del 2025 a partir de les 9 h.<br>*Una inscripci\u00f3 per persona i curs. Tallers gratu\u00efts.<br>*Recordem que les persones inscrites al trimestre anterior no poden repetir el<br>mateix taller. Si queden places lliures, s&#8217;admetran previ av\u00eds.<br>*Les persones empadronades a la Seu d\u2019Urgell, tindran prioritat.<br>*Les persones que ho necessitin podran demanar ajuda per fer la inscripci\u00f3 havent<br>demanat cita pr\u00e8via al tel\u00e8fon 973 350 010 (EXT 8017) el dia 10 de gener del 2025 a<br>partir de les 10 del mat\u00ed.<br>Els tallers comencen a partir del 27 de gener de 2025<\/p>\n\n\n\n<figure class=\"wp-block-image size-full\"><a href=\"https:\/\/bloc.xarxa-omnia.org\/laseu\/files\/2025\/01\/Cartell-Gener-25.jpg\"><img loading=\"lazy\" decoding=\"async\" width=\"1169\" height=\"1653\" src=\"https:\/\/bloc.xarxa-omnia.org\/laseu\/files\/2025\/01\/Cartell-Gener-25.jpg\" alt=\"\" class=\"wp-image-2877\" \/><\/a><\/figure>\n","protected":false},"excerpt":{"rendered":"<p>I despr\u00e9s d&#8217;aquests dies arriba la #normalitat. Hem continuat treballant per oferir una nova proposta formativa. Aqu\u00ed teniu la nova programaci\u00f3 per aquest trimestre: ESTIMULACI\u00d3 COGNITIVA &#8211; Estimula i treballa la ment a trav\u00e9sde les TRIC, els dilluns de 16 a 17:30 h. (comen\u00e7a dilluns 27 degener). INSCRIPCIONS EN L\u00cdNIAhttp:\/\/www.laseu.cat\/tramits-i-serveis\/inscripcions13 i 14 de gener del [&hellip;]<\/p>\n","protected":false},"author":92,"featured_media":0,"comment_status":"open","ping_status":"open","sticky":false,"template":"","format":"standard","meta":{"ngg_post_thumbnail":0,"footnotes":""},"categories":[1],"tags":[],"class_list":["post-2876","post","type-post","status-publish","format-standard","hentry","category-general"],"_links":{"self":[{"href":"https:\/\/bloc.xarxa-omnia.org\/laseu\/wp-json\/wp\/v2\/posts\/2876","targetHints":{"allow":["GET"]}}],"collection":[{"href":"https:\/\/bloc.xarxa-omnia.org\/laseu\/wp-json\/wp\/v2\/posts"}],"about":[{"href":"https:\/\/bloc.xarxa-omnia.org\/laseu\/wp-json\/wp\/v2\/types\/post"}],"author":[{"embeddable":true,"href":"https:\/\/bloc.xarxa-omnia.org\/laseu\/wp-json\/wp\/v2\/users\/92"}],"replies":[{"embeddable":true,"href":"https:\/\/bloc.xarxa-omnia.org\/laseu\/wp-json\/wp\/v2\/comments?post=2876"}],"version-history":[{"count":1,"href":"https:\/\/bloc.xarxa-omnia.org\/laseu\/wp-json\/wp\/v2\/posts\/2876\/revisions"}],"predecessor-version":[{"id":2878,"href":"https:\/\/bloc.xarxa-omnia.org\/laseu\/wp-json\/wp\/v2\/posts\/2876\/revisions\/2878"}],"wp:attachment":[{"href":"https:\/\/bloc.xarxa-omnia.org\/laseu\/wp-json\/wp\/v2\/media?parent=2876"}],"wp:term":[{"taxonomy":"category","embeddable":true,"href":"https:\/\/bloc.xarxa-omnia.org\/laseu\/wp-json\/wp\/v2\/categories?post=2876"},{"taxonomy":"post_tag","embeddable":true,"href":"https:\/\/bloc.xarxa-omnia.org\/laseu\/wp-json\/wp\/v2\/tags?post=2876"}],"curies":[{"name":"wp","href":"https:\/\/api.w.org\/{rel}","templated":true}]}}