{"id":2893,"date":"2025-04-07T06:53:22","date_gmt":"2025-04-07T05:53:22","guid":{"rendered":"https:\/\/bloc.xarxa-omnia.org\/laseu\/?p=2893"},"modified":"2025-04-07T06:53:22","modified_gmt":"2025-04-07T05:53:22","slug":"programacio-primavera-2025","status":"publish","type":"post","link":"https:\/\/bloc.xarxa-omnia.org\/laseu\/2025\/04\/07\/programacio-primavera-2025\/","title":{"rendered":"Programaci\u00f3 Primavera 2025"},"content":{"rendered":"\n<p>Ja tenim la nova programaci\u00f3 de primavera al #punt\u00f2mnia de la Seu d&#8217;Urgell.<\/p>\n\n\n\n<p>Aquesta vegada hem preparat 4 tallers de diferent tipologia:<\/p>\n\n\n\n<p>*<strong>FOTOGRAFIA DIGITAL<\/strong> &#8211; Vols aprendre a fer fotografies amb el teu m\u00f2bil cam\u00e8ra o<br>tauleta? Vols aprendre a descarregar-les i saber que pots fer amb elles? (Cal portar<br>el m\u00f2bil, cam\u00e8ra o tauleta). Els dilluns de 15:30 a 17 h.<br>(Comen\u00e7a dilluns 28 d\u2019abril).<br>*<strong>CANVA<\/strong> &#8211; Vols aprendre a fer presentacions, cartells, targetes de visita o<br>publicacions per les teves xarxes socials amb Canva?. Els dimarts de 15:30 a<br>17 h. (Comen\u00e7a dimarts 22 d\u2019abril)<br>*<strong>IDENTIFICACIONS DIGITALS<\/strong>&#8211; Saps que s\u00f3n les identificacions digitals?<br>Per a qu\u00e8 serveixen i quins tipus hi ha i com utilitzar-les? Vine a aprendre a<br>fer servir l\u2019IdCatM\u00f2bil o la Cl@ve i fer tr\u00e0mits.<\/p>\n\n\n\n<p>-1r grup- dimecres 7 i 14 de maig de 10 a 11:130 h.<br>-2n grup- dimecres 21 i 28 de maig de 10 a 11:30 h.<\/p>\n\n\n\n<p><br><strong>*EINES GOOGLE<\/strong> &#8211; Apr\u00e8n a fer anar les diferents eines de Google com<br>el traductor, maps, calendar, drive o lens\u2026etc Aquest taller es far\u00e0 de forma<br>dual amb l\u2019ordinador i lel tel\u00e8fon intel\u00b7ligent. Els dimecres de 16 a 17:30 h.<br>(Comen\u00e7a el 23 d\u2019abril)<\/p>\n\n\n\n<p>Tots els tallers s\u00f3n gratuits i les inscripcions seran 14 i 15 d\u2019abril del 2025 a partir de les 9 h a trav\u00e9s d ela web  <a href=\"http:\/\/www.laseu.cat\/tramits-i-serveis\/inscripcions\">http:\/\/www.laseu.cat\/tramits-i-serveis\/inscripcions<\/a><\/p>\n\n\n\n<p>Recordem que les persones inscrites al trimestre anterior no poden repetir el mateix taller. Si queden places lliures, s\u2019admetran previ av\u00eds.<br><strong>*Les persones que ho necessitin podran fer la inscripci\u00f3 de forma presencial el mateix dia 14 a les 9 del mat\u00ed.<\/strong><\/p>\n\n\n\n<p><br><\/p>\n\n\n\n<figure class=\"wp-block-image size-large\"><a href=\"https:\/\/bloc.xarxa-omnia.org\/laseu\/files\/2025\/03\/Cartell-Primavera-25.png\"><img loading=\"lazy\" decoding=\"async\" width=\"724\" height=\"1024\" src=\"https:\/\/bloc.xarxa-omnia.org\/laseu\/files\/2025\/03\/Cartell-Primavera-25-724x1024.png\" alt=\"\" class=\"wp-image-2894\" srcset=\"https:\/\/bloc.xarxa-omnia.org\/laseu\/files\/2025\/03\/Cartell-Primavera-25-724x1024.png 724w, https:\/\/bloc.xarxa-omnia.org\/laseu\/files\/2025\/03\/Cartell-Primavera-25-212x300.png 212w, https:\/\/bloc.xarxa-omnia.org\/laseu\/files\/2025\/03\/Cartell-Primavera-25-768x1086.png 768w, https:\/\/bloc.xarxa-omnia.org\/laseu\/files\/2025\/03\/Cartell-Primavera-25-1086x1536.png 1086w, https:\/\/bloc.xarxa-omnia.org\/laseu\/files\/2025\/03\/Cartell-Primavera-25-624x883.png 624w, https:\/\/bloc.xarxa-omnia.org\/laseu\/files\/2025\/03\/Cartell-Primavera-25.png 1414w\" sizes=\"auto, (max-width: 724px) 100vw, 724px\" \/><\/a><\/figure>\n","protected":false},"excerpt":{"rendered":"<p>Ja tenim la nova programaci\u00f3 de primavera al #punt\u00f2mnia de la Seu d&#8217;Urgell. Aquesta vegada hem preparat 4 tallers de diferent tipologia: *FOTOGRAFIA DIGITAL &#8211; Vols aprendre a fer fotografies amb el teu m\u00f2bil cam\u00e8ra otauleta? Vols aprendre a descarregar-les i saber que pots fer amb elles? (Cal portarel m\u00f2bil, cam\u00e8ra o tauleta). Els dilluns [&hellip;]<\/p>\n","protected":false},"author":92,"featured_media":0,"comment_status":"open","ping_status":"open","sticky":false,"template":"","format":"standard","meta":{"ngg_post_thumbnail":0,"footnotes":""},"categories":[1],"tags":[],"class_list":["post-2893","post","type-post","status-publish","format-standard","hentry","category-general"],"_links":{"self":[{"href":"https:\/\/bloc.xarxa-omnia.org\/laseu\/wp-json\/wp\/v2\/posts\/2893","targetHints":{"allow":["GET"]}}],"collection":[{"href":"https:\/\/bloc.xarxa-omnia.org\/laseu\/wp-json\/wp\/v2\/posts"}],"about":[{"href":"https:\/\/bloc.xarxa-omnia.org\/laseu\/wp-json\/wp\/v2\/types\/post"}],"author":[{"embeddable":true,"href":"https:\/\/bloc.xarxa-omnia.org\/laseu\/wp-json\/wp\/v2\/users\/92"}],"replies":[{"embeddable":true,"href":"https:\/\/bloc.xarxa-omnia.org\/laseu\/wp-json\/wp\/v2\/comments?post=2893"}],"version-history":[{"count":1,"href":"https:\/\/bloc.xarxa-omnia.org\/laseu\/wp-json\/wp\/v2\/posts\/2893\/revisions"}],"predecessor-version":[{"id":2895,"href":"https:\/\/bloc.xarxa-omnia.org\/laseu\/wp-json\/wp\/v2\/posts\/2893\/revisions\/2895"}],"wp:attachment":[{"href":"https:\/\/bloc.xarxa-omnia.org\/laseu\/wp-json\/wp\/v2\/media?parent=2893"}],"wp:term":[{"taxonomy":"category","embeddable":true,"href":"https:\/\/bloc.xarxa-omnia.org\/laseu\/wp-json\/wp\/v2\/categories?post=2893"},{"taxonomy":"post_tag","embeddable":true,"href":"https:\/\/bloc.xarxa-omnia.org\/laseu\/wp-json\/wp\/v2\/tags?post=2893"}],"curies":[{"name":"wp","href":"https:\/\/api.w.org\/{rel}","templated":true}]}}