{"id":320,"date":"2010-04-26T08:03:03","date_gmt":"2010-04-26T07:03:03","guid":{"rendered":"http:\/\/blog.xarxa-omnia.org\/laseu\/?p=320"},"modified":"2010-04-26T08:19:51","modified_gmt":"2010-04-26T07:19:51","slug":"mandonguilles-amb-pesols-i-el-punt-omnia","status":"publish","type":"post","link":"https:\/\/bloc.xarxa-omnia.org\/laseu\/2010\/04\/26\/mandonguilles-amb-pesols-i-el-punt-omnia\/","title":{"rendered":"Mandonguilles amb p\u00e8sols i el Punt \u00d2mnia"},"content":{"rendered":"<p><a href=\"http:\/\/xarxaomnia.gencat.cat\/blocs\/laseu\/files\/2010\/04\/mandonguilles.jpg\"><br \/>\n<\/a>El nostre blog de cuina una mica m\u00e9s a prop, gr\u00e0cies a participar a la web receptes.org<\/p>\n<p>Gr\u00e0cies per tot Jordi!!!<\/p>\n<p>&#8220;Una de les receptes del curs gratu\u00eft de cuina b\u00e0sica &#8216;M\u00e9s enll\u00e0 del  pa amb tom\u00e0quet&#8217;, on hi  participaren estudiants de 15 a 20 anys, i que  impartien dues \u00e0vies amb  molta experi\u00e8ncia culin\u00e0ria com s\u00f3n la  Vict\u00f2ria Bagu\u00e9s i la Montserrat  Pociello ha estat ressenyada a  l&#8217;apartat de <a href=\"http:\/\/www.vilaweb.cat\/gastronomia\">gastronomia  de Wilaweb<\/a>, el mitja deg\u00e0 en catal\u00e0 a Internet.<\/p>\n<p>Concretament es tracta de la recepta <a href=\"http:\/\/www.receptes.org\/recepta557\/Mandonguilles%20amb%20p%C3%A8sols\">Mandonguilles  amb p\u00e8sols<\/a> que est\u00e0 inclosa en una selecci\u00f3 de receptes amb p\u00e8sols  que Vilaweb ha fet en motiu de &#8216;La cuina del p\u00e8sol del Maresme&#8217;.<\/p>\n<p>Felicitats al Punt \u00d2mnia de la Seu d&#8217;Urgell i m\u00e9s concretament a  l&#8217;Ester per la difusi\u00f3 que ha sabut donar a l&#8217;iniciativa i als  continguts digitals que ha generat.&#8221;<\/p>\n<p><a href=\"http:\/\/xarxaomnia.gencat.cat\/blocs\/laseu\/files\/2010\/04\/mandonguilles1.jpg\"><img loading=\"lazy\" decoding=\"async\" class=\"alignleft size-medium wp-image-328\" title=\"mandonguilles\" src=\"http:\/\/xarxaomnia.gencat.cat\/blocs\/laseu\/files\/2010\/04\/mandonguilles1-300x225.jpg\" alt=\"\" width=\"300\" height=\"225\" srcset=\"https:\/\/bloc.xarxa-omnia.org\/laseu\/files\/2010\/04\/mandonguilles1-300x225.jpg 300w, https:\/\/bloc.xarxa-omnia.org\/laseu\/files\/2010\/04\/mandonguilles1-1024x768.jpg 1024w, https:\/\/bloc.xarxa-omnia.org\/laseu\/files\/2010\/04\/mandonguilles1.jpg 1600w\" sizes=\"auto, (max-width: 300px) 100vw, 300px\" \/><\/a><\/p>\n","protected":false},"excerpt":{"rendered":"<p>El nostre blog de cuina una mica m\u00e9s a prop, gr\u00e0cies a participar a la web receptes.org Gr\u00e0cies per tot Jordi!!! &#8220;Una de les receptes del curs gratu\u00eft de cuina b\u00e0sica &#8216;M\u00e9s enll\u00e0 del pa amb tom\u00e0quet&#8217;, on hi participaren estudiants de 15 a 20 anys, i que impartien dues \u00e0vies amb molta experi\u00e8ncia culin\u00e0ria [&hellip;]<\/p>\n","protected":false},"author":92,"featured_media":0,"comment_status":"open","ping_status":"open","sticky":false,"template":"","format":"standard","meta":{"ngg_post_thumbnail":0,"footnotes":""},"categories":[1],"tags":[],"class_list":["post-320","post","type-post","status-publish","format-standard","hentry","category-general"],"_links":{"self":[{"href":"https:\/\/bloc.xarxa-omnia.org\/laseu\/wp-json\/wp\/v2\/posts\/320","targetHints":{"allow":["GET"]}}],"collection":[{"href":"https:\/\/bloc.xarxa-omnia.org\/laseu\/wp-json\/wp\/v2\/posts"}],"about":[{"href":"https:\/\/bloc.xarxa-omnia.org\/laseu\/wp-json\/wp\/v2\/types\/post"}],"author":[{"embeddable":true,"href":"https:\/\/bloc.xarxa-omnia.org\/laseu\/wp-json\/wp\/v2\/users\/92"}],"replies":[{"embeddable":true,"href":"https:\/\/bloc.xarxa-omnia.org\/laseu\/wp-json\/wp\/v2\/comments?post=320"}],"version-history":[{"count":7,"href":"https:\/\/bloc.xarxa-omnia.org\/laseu\/wp-json\/wp\/v2\/posts\/320\/revisions"}],"predecessor-version":[{"id":329,"href":"https:\/\/bloc.xarxa-omnia.org\/laseu\/wp-json\/wp\/v2\/posts\/320\/revisions\/329"}],"wp:attachment":[{"href":"https:\/\/bloc.xarxa-omnia.org\/laseu\/wp-json\/wp\/v2\/media?parent=320"}],"wp:term":[{"taxonomy":"category","embeddable":true,"href":"https:\/\/bloc.xarxa-omnia.org\/laseu\/wp-json\/wp\/v2\/categories?post=320"},{"taxonomy":"post_tag","embeddable":true,"href":"https:\/\/bloc.xarxa-omnia.org\/laseu\/wp-json\/wp\/v2\/tags?post=320"}],"curies":[{"name":"wp","href":"https:\/\/api.w.org\/{rel}","templated":true}]}}