{"id":448,"date":"2011-02-10T11:34:29","date_gmt":"2011-02-10T10:34:29","guid":{"rendered":"http:\/\/blog.xarxa-omnia.org\/laseu\/?p=448"},"modified":"2011-12-02T11:22:24","modified_gmt":"2011-12-02T10:22:24","slug":"la-pepi","status":"publish","type":"post","link":"https:\/\/bloc.xarxa-omnia.org\/laseu\/2011\/02\/10\/la-pepi\/","title":{"rendered":"La Pepi"},"content":{"rendered":"<p><!-- \t\t@page { margin: 2cm } \t\tP { margin-bottom: 0.21cm } \t\tA:link { color: #0000ff } --><span style=\"font-size: medium;\"><strong>L&#8217;Alba i el Cesk, de l&#8217;ODC, em van animar a compartir i fer-vos una mica m\u00e9s part\u00edcips a tots de la meva \u201cexperi\u00e8ncia\u201d amb persones amb discapacitats, ja que des de fa uns mesos el Punt \u00d2mnia L&#8217;Escorxador  de la Seu d&#8217;Urgell est\u00e0 equipat amb nou material adaptat. L&#8217;aportaci\u00f3 de maquinari i programari s&#8217;emmarca dins de la Prova Pilot d&#8217;Accessibilitat de la Xarxa \u00d2mnia. Sempre penso que no tinc massa a explicar i que segur que vosaltres feu la mateixa feina o millor que jo. Per\u00f2 despr\u00e9s,  pensant una mica m\u00e9s en fred, vaig veure que era una bona idea per donar a aquest tema de l&#8217;accessibilitat una mica m\u00e9s d&#8217;import\u00e0ncia i fer-lo visible. <\/strong><\/span><\/p>\n<p><span style=\"font-size: medium;\"><strong>El meu repte \u00e9s escriure peri\u00f2dicament (potser un cop al mes) articles amb entrevistes i  recursos que fem anar nosaltres i tot aix\u00f2 penjar-lo a la comunitat. Espero no ser massa plasta. Gr\u00e0cies a tots!!<\/strong><\/span><\/p>\n<p><span style=\"font-size: large;\"><strong>LA PEPI<\/strong><\/span><\/p>\n<p><span style=\"font-size: medium;\"><span style=\"font-size: xx-large;\"><strong>A<\/strong><\/span><span style=\"font-size: small;\">ra fa 7 anys que treballo al projecte \u00d2mnia. Des d\u2019un bon principi havia pensat treballar amb col\u00b7lectius que tenen capacitats diferents, m\u00e9s coneguts com a grups amb discapacitats. Els hi volia oferir l\u2019espai per acostar-los al m\u00f3n de les TIC i oferir-los recursos. De fet, un dels objectius principals del Projecte \u00d2mnia \u00e9s precisament el de treballar per l&#8217;autonomia dels usuaris, aconseguir que siguin  capa\u00e7os de&#8230;, que disposin de recursos, etc. <\/span><\/span><\/p>\n<p><span style=\"font-size: small;\">Ara fa cinc anys que el col\u00b7lectiu del Taller Claror <\/span><span style=\"color: #0000ff;\"><span style=\"text-decoration: underline;\"><span style=\"font-size: small;\"><a href=\"http:\/\/talerclaror.wordpress.com\/\">http:\/\/talerclaror.wordpress.com<\/a> <\/span><\/span><\/span><span style=\"font-size: small;\">(persones amb discapacitat f\u00edsica i ps\u00edquica) venen al Punt \u00d2mnia. Son un total de 16 usuaris d\u2019entre 20 i 55 anys. De seguida se&#8217;m va plantejar un aut\u00e8ntic repte, ja que tots ells presentaven dificultats molt concretes: discapacitat f\u00edsica a la m\u00e0, un bra\u00e7, diferents graus de discapacitats visuals&#8230;.I, aix\u00f2, sumat als diferents graus de discapacitat ps\u00edquica.<\/span><\/p>\n<p><span style=\"font-size: small;\">La Pepi, la protagonista d\u2019aquesta historia, ho t\u00e9 molt dif\u00edcil per agafar un \u201cratol\u00ed normal\u201d i fer anar un teclat est\u00e0ndard. Ens trob\u00e0vem que polsava massa estona una tecla i per molt que canvi\u00e9ssim la velocitat del ratol\u00ed i teclat, quan apretava massa estona una tecla feia que una lletra es repet\u00eds mil vegades. Per tant, perdia m\u00e9s temps esborrant que escrivint.<\/span><\/p>\n<p><span style=\"font-size: small;\">La Pepi va comen\u00e7ar a treballar com la resta de grup, per\u00f2 de seguida vam veure que necessitava molt m\u00e9s temps per escriure una paraula que la resta dels seus companys i que havia de fer un<span style=\"font-size: medium;\"> gran e<\/span>sfor\u00e7 mental i f\u00edsic per anar m\u00e9s o menys alhora que la resta de grup. Afortunadament, la Pepi t\u00e9 una voluntat de ferro i no va llen\u00e7ar la tovallola a la primera. Vam comen\u00e7ar a treballar amb el qu\u00e8 ten\u00edem   i la valoraci\u00f3 no \u00e9s gens dolenta, tot el contrari. Amb el temps hem aconseguit treballar amb programes com el Gimp, processadors de text, presentacions amb Movie-Maker i, fins i tot, el grup es va animar i vam crear la primera revista del centre.<\/span><\/p>\n<p><span style=\"font-size: small;\">Amb un <strong>material No adaptat<\/strong> \u00e9s molt dif\u00edcil que una persona amb aquesta caracter\u00edstica pugui treballar, fer recerca, jugar, informar-se&#8230; En poques paraules: estar dins del m\u00f3n de les noves tecnologies.<\/span><\/p>\n<p><span style=\"font-size: small;\">Al mes d\u2019abril del 2010, l&#8217;\u00d2mnia de la Seu va rebre una dotaci\u00f3 de material adaptat per a persones amb discapacitat:  teclats, joy-stiks, pantalles t\u00e0ctils, bra\u00e7 articulat&#8230;. Per nosaltres va ser un premi i ens vam adonar que tot aix\u00f2 ens permetria  obrir un nou m\u00f3n de possibilitats a tots aquells participants amb discapacitat.<\/span><\/p>\n<p><span style=\"font-size: small;\">La Pepi va comen\u00e7ar a treballar amb un teclat amb cobertor i un ratol\u00ed de bola. Cal recon\u00e8ixer que tot i que estava contenta per fer anar un material nou, estava una mica neguitosa. Per\u00f2 no li va costar gens adonar-se que amb aquell material podria treballar sola, amb una autonomia incre\u00efble. La seva autoestima va cr\u00e9ixer. Estava contenta perqu\u00e8 treballava sense haver de demanar tantes vegades ajuda. Tot un \u00e8xit!!!<\/span><\/p>\n<p><span style=\"font-size: small;\">Fins aleshores, la Pepi nom\u00e9s venia les hores concretes amb el seu grup, per\u00f2 quan va acabar el \u201ccurs escolar\u201d vaig tenir una sorpresa molt gratificant: la Pepi es va decidir a seguir venint sola al nostre espai. Aix\u00ed que el fet de tenir aquesta material va fer que ella mateixa s\u2019anim\u00e9s a venir i a continuar treballant.<\/span><\/p>\n<p><span style=\"font-size: small;\">Durant aquest estiu ha agafat molt ritme, treballa de manera aut\u00f2noma, t\u00e9 iniciativa, navega per la xarxa, fa recerca d&#8217;informaci\u00f3 sobre els seus hobbies, jugar&#8230; Ara comen\u00e7a a interessar-se pel tema del correu electr\u00f2nic i li encanta llegir el blog que fan entre tots.<\/span><\/p>\n<p><span style=\"font-size: small;\">Gr\u00e0cies a aquest material hem fet que una persona depenent hagi passat a ser una mica m\u00e9s INDEPENDENT. Ara podem dir ben fort que \u00d2mnia s&#8217;ha pogut obrir a  m\u00e9s persones. Tot i aix\u00ed encara queda molt per fer!!<\/span><\/p>\n<p><span style=\"font-size: small;\"><a href=\"http:\/\/xarxaomnia.gencat.cat\/blocs\/laseu\/files\/2011\/02\/Pepi.jpg\"><img loading=\"lazy\" decoding=\"async\" class=\"aligncenter size-medium wp-image-450\" title=\"Pepi\" src=\"http:\/\/xarxaomnia.gencat.cat\/blocs\/laseu\/files\/2011\/02\/Pepi-300x183.jpg\" alt=\"\" width=\"300\" height=\"183\" srcset=\"https:\/\/bloc.xarxa-omnia.org\/laseu\/files\/2011\/02\/Pepi-300x183.jpg 300w, https:\/\/bloc.xarxa-omnia.org\/laseu\/files\/2011\/02\/Pepi.jpg 1024w\" sizes=\"auto, (max-width: 300px) 100vw, 300px\" \/><\/a><br \/>\n<\/span><\/p>\n<p><span style=\"font-size: small;\"><a href=\"http:\/\/xarxaomnia.gencat.cat\/blocs\/laseu\/files\/2011\/02\/P1010007.jpg\"><br \/>\n<\/a><br \/>\n<\/span><\/p>\n","protected":false},"excerpt":{"rendered":"<p>L&#8217;Alba i el Cesk, de l&#8217;ODC, em van animar a compartir i fer-vos una mica m\u00e9s part\u00edcips a tots de la meva \u201cexperi\u00e8ncia\u201d amb persones amb discapacitats, ja que des de fa uns mesos el Punt \u00d2mnia L&#8217;Escorxador de la Seu d&#8217;Urgell est\u00e0 equipat amb nou material adaptat. L&#8217;aportaci\u00f3 de maquinari i programari s&#8217;emmarca dins [&hellip;]<\/p>\n","protected":false},"author":92,"featured_media":0,"comment_status":"open","ping_status":"open","sticky":false,"template":"","format":"standard","meta":{"ngg_post_thumbnail":0,"footnotes":""},"categories":[884,1,1033],"tags":[],"class_list":["post-448","post","type-post","status-publish","format-standard","hentry","category-article","category-general","category-prova-pilot-daccessibilitat"],"_links":{"self":[{"href":"https:\/\/bloc.xarxa-omnia.org\/laseu\/wp-json\/wp\/v2\/posts\/448","targetHints":{"allow":["GET"]}}],"collection":[{"href":"https:\/\/bloc.xarxa-omnia.org\/laseu\/wp-json\/wp\/v2\/posts"}],"about":[{"href":"https:\/\/bloc.xarxa-omnia.org\/laseu\/wp-json\/wp\/v2\/types\/post"}],"author":[{"embeddable":true,"href":"https:\/\/bloc.xarxa-omnia.org\/laseu\/wp-json\/wp\/v2\/users\/92"}],"replies":[{"embeddable":true,"href":"https:\/\/bloc.xarxa-omnia.org\/laseu\/wp-json\/wp\/v2\/comments?post=448"}],"version-history":[{"count":5,"href":"https:\/\/bloc.xarxa-omnia.org\/laseu\/wp-json\/wp\/v2\/posts\/448\/revisions"}],"predecessor-version":[{"id":680,"href":"https:\/\/bloc.xarxa-omnia.org\/laseu\/wp-json\/wp\/v2\/posts\/448\/revisions\/680"}],"wp:attachment":[{"href":"https:\/\/bloc.xarxa-omnia.org\/laseu\/wp-json\/wp\/v2\/media?parent=448"}],"wp:term":[{"taxonomy":"category","embeddable":true,"href":"https:\/\/bloc.xarxa-omnia.org\/laseu\/wp-json\/wp\/v2\/categories?post=448"},{"taxonomy":"post_tag","embeddable":true,"href":"https:\/\/bloc.xarxa-omnia.org\/laseu\/wp-json\/wp\/v2\/tags?post=448"}],"curies":[{"name":"wp","href":"https:\/\/api.w.org\/{rel}","templated":true}]}}