{"id":473,"date":"2011-04-11T09:32:59","date_gmt":"2011-04-11T08:32:59","guid":{"rendered":"http:\/\/blog.xarxa-omnia.org\/laseu\/?p=473"},"modified":"2011-12-02T11:40:27","modified_gmt":"2011-12-02T10:40:27","slug":"trucs-senzills-per-adaptar-ratoli-teclat-i-pantalla-i-facilitar-lacces-a-les-tic-als-usuaris-amb-discapacitats-lleus","status":"publish","type":"post","link":"https:\/\/bloc.xarxa-omnia.org\/laseu\/2011\/04\/11\/trucs-senzills-per-adaptar-ratoli-teclat-i-pantalla-i-facilitar-lacces-a-les-tic-als-usuaris-amb-discapacitats-lleus\/","title":{"rendered":"Trucs senzills per adaptar ratol\u00ed, teclat i pantalla i facilitar l&#8217;acc\u00e9s a les TIC als usuaris amb discapacitats lleus"},"content":{"rendered":"<p><!-- \t\t@page { margin: 2cm } \t\tP { margin-bottom: 0.21cm } --><span style=\"font-size: small;\">Durant el temps que al Punt \u00d2mnia de la Seu d&#8217;Urgell hem estat treballant amb usuaris amb discapacitat sense cap tipus de material adaptat, utilitz\u00e0vem un seguit de trucs que qualsevol persona dinamitzadora pot posar en pr\u00e0ctica per facilitar el treball dels nostres usuaris amb problemes visuals, psicomotrius, etc.<\/span><\/p>\n<p><span style=\"font-size: small;\">Les configuracions que exposar\u00e9 a continuaci\u00f3 les feia cada vegada que col\u00b7lectius o persones amb discapacitat arribaven a l&#8217;\u00d2mnia. Era una mica feixuc, perqu\u00e8 suposava canviar la configuraci\u00f3 abans que ells entressin a l&#8217;espai i, quan marxaven, tornar-la a posar de forma estandar. <\/span><\/p>\n<p><span style=\"font-size: small;\">Les ordres sempre es poden configurar des del Tauler de control\/Teclat, Tauler de control\/Ratol\u00ed, Tauler de control\/Pantalla. No \u00e9s gens dif\u00edcil i ells ho agraeixen. <\/span><\/p>\n<p><span style=\"font-size: small;\">Amb ajudes m\u00ednimes, ells arriben a fer la seva feina molt m\u00e9s c\u00f2modament.<\/span><\/p>\n<p><span style=\"font-size: medium;\"><strong>TECLAT<\/strong><\/span><\/p>\n<p><span style=\"font-size: small;\">En aquesta imatge es por veure com es poden fer canvis en el temps de repeticions de la tecla i la velocitat.<\/span><\/p>\n<p><span style=\"font-size: small;\">A m\u00e9s, podem canviar el tema del parpelleig del cursor i tenim l&#8217;opci\u00f3 de poder-lo deixar fixe.<\/span><\/p>\n<p><span style=\"font-size: small;\">Aquest petits ajustaments s\u00f3n ideals per a persones amb problemes de parkinson, tremolors, etc. <\/span><\/p>\n<p><strong><span style=\"font-size: medium;\">RATOL\u00cd<\/span><\/strong><\/p>\n<p><span style=\"font-size: small;\">En aquesta imatge es pot comprovar que podem canviar:<\/span><\/p>\n<p><span style=\"font-size: small;\">-Configuraci\u00f3 del ratol\u00ed: intercanviar bot\u00f3 secundari per primari (per a persones esquerranes)<\/span><\/p>\n<p><span style=\"font-size: small;\">-Velocitat del doble clic<\/span><\/p>\n<p><span style=\"font-size: small;\">-Blocatge del clic.<\/span><\/p>\n<p><span style=\"font-size: small;\">Amb aquesta finestra podem canviar:<\/span><\/p>\n<p><span style=\"font-size: small;\">-Velocitat del punter<\/span><\/p>\n<p><span style=\"font-size: small;\">-Ajustament<\/span><\/p>\n<p><span style=\"font-size: small;\">-Visibilitat<\/span><\/p>\n<p><span style=\"font-size: small;\">El punter \u00e9s una de les eines que podem canviar i fer-lo m\u00e9s gran, canviar-lo de color, de forma&#8230; Hi ha un tipus de punter qu\u00e8 \u00e9s m\u00e9s gran de l&#8217;habitual i de color negre, que funciona de forma molt adequada per a persones amb problemes visuals. Aix\u00ed \u00e9s m\u00e9s f\u00e0cil que situin el punter a la pantalla i no el perdin.<\/span><\/p>\n<p><span style=\"font-size: small;\">Aquesta adaptaci\u00f3 \u00e9s recomanable per a persones amb problemes visuals, parkinson, etc.<\/span><\/p>\n<p><span style=\"font-size: medium;\"><strong>PANTALLA<\/strong><\/span><\/p>\n<p><span style=\"font-size: small;\">Una de les millores que podem aportar en la visualitzaci\u00f3 de la pantalla \u00e9s fer que les icones siguin el doble de grans.<\/span><\/p>\n<p><span style=\"font-size: small;\">Jo conec dos maneres de  fer-ho:<\/span><\/p>\n<p><span style=\"font-size: small;\">A) Anem al tauler de control\/pantalla\/configuraci\u00f3 i posar-hi una resoluci\u00f3 de pantalla de 800&#215;600 p\u00edxels<\/span><\/p>\n<p><span style=\"font-size: small;\">B)Un altra manera \u00e9s:<\/span><\/p>\n<p><span style=\"font-size: small;\">Control+rodeta ratol\u00ed<\/span><\/p>\n<p><span style=\"font-size: small;\">rodar cap endavant: la pantalla augmenta.<\/span><\/p>\n<p><span style=\"font-size: small;\">rodar cap enrere: la pantalla disminueix.<\/span><\/p>\n<p><a href=\"http:\/\/xarxaomnia.gencat.cat\/blocs\/laseu\/files\/2011\/04\/Escritorio2.jpg\"><img loading=\"lazy\" decoding=\"async\" class=\"aligncenter size-medium wp-image-474\" title=\"Escritorio2\" src=\"http:\/\/xarxaomnia.gencat.cat\/blocs\/laseu\/files\/2011\/04\/Escritorio2-300x240.jpg\" alt=\"\" width=\"300\" height=\"240\" srcset=\"https:\/\/bloc.xarxa-omnia.org\/laseu\/files\/2011\/04\/Escritorio2-300x240.jpg 300w, https:\/\/bloc.xarxa-omnia.org\/laseu\/files\/2011\/04\/Escritorio2-1024x819.jpg 1024w\" sizes=\"auto, (max-width: 300px) 100vw, 300px\" \/><\/a><\/p>\n<p>Potser aquests trucs ja els coneix\u00edeu, per\u00f2 potser hi ha usuaris que no en tenen ni idea i podem suggerir-los que facin aquests canvis als ordinadors de casa seva, l&#8217;escola o la feina. Us asseguro que fent aquests petits canvis \u00e9s una bona manera que una persona amb discapacitat pugui treballar millor. Tamb\u00e9 \u00fas encomano que si coneixeu m\u00e9s trucs senzills com els exposats, els hi afegiu.<\/p>\n<p>Gr\u00e0cies<\/p>\n","protected":false},"excerpt":{"rendered":"<p>Durant el temps que al Punt \u00d2mnia de la Seu d&#8217;Urgell hem estat treballant amb usuaris amb discapacitat sense cap tipus de material adaptat, utilitz\u00e0vem un seguit de trucs que qualsevol persona dinamitzadora pot posar en pr\u00e0ctica per facilitar el treball dels nostres usuaris amb problemes visuals, psicomotrius, etc. Les configuracions que exposar\u00e9 a continuaci\u00f3 [&hellip;]<\/p>\n","protected":false},"author":92,"featured_media":0,"comment_status":"open","ping_status":"open","sticky":false,"template":"","format":"standard","meta":{"ngg_post_thumbnail":0,"footnotes":""},"categories":[884,1,1033],"tags":[116,331,234,41],"class_list":["post-473","post","type-post","status-publish","format-standard","hentry","category-article","category-general","category-prova-pilot-daccessibilitat","tag-accessibilitat","tag-discapacitat","tag-formacio","tag-omnia"],"_links":{"self":[{"href":"https:\/\/bloc.xarxa-omnia.org\/laseu\/wp-json\/wp\/v2\/posts\/473","targetHints":{"allow":["GET"]}}],"collection":[{"href":"https:\/\/bloc.xarxa-omnia.org\/laseu\/wp-json\/wp\/v2\/posts"}],"about":[{"href":"https:\/\/bloc.xarxa-omnia.org\/laseu\/wp-json\/wp\/v2\/types\/post"}],"author":[{"embeddable":true,"href":"https:\/\/bloc.xarxa-omnia.org\/laseu\/wp-json\/wp\/v2\/users\/92"}],"replies":[{"embeddable":true,"href":"https:\/\/bloc.xarxa-omnia.org\/laseu\/wp-json\/wp\/v2\/comments?post=473"}],"version-history":[{"count":9,"href":"https:\/\/bloc.xarxa-omnia.org\/laseu\/wp-json\/wp\/v2\/posts\/473\/revisions"}],"predecessor-version":[{"id":690,"href":"https:\/\/bloc.xarxa-omnia.org\/laseu\/wp-json\/wp\/v2\/posts\/473\/revisions\/690"}],"wp:attachment":[{"href":"https:\/\/bloc.xarxa-omnia.org\/laseu\/wp-json\/wp\/v2\/media?parent=473"}],"wp:term":[{"taxonomy":"category","embeddable":true,"href":"https:\/\/bloc.xarxa-omnia.org\/laseu\/wp-json\/wp\/v2\/categories?post=473"},{"taxonomy":"post_tag","embeddable":true,"href":"https:\/\/bloc.xarxa-omnia.org\/laseu\/wp-json\/wp\/v2\/tags?post=473"}],"curies":[{"name":"wp","href":"https:\/\/api.w.org\/{rel}","templated":true}]}}