{"id":527,"date":"2011-05-09T11:49:50","date_gmt":"2011-05-09T10:49:50","guid":{"rendered":"http:\/\/blog.xarxa-omnia.org\/laseu\/?p=527"},"modified":"2011-12-02T11:39:53","modified_gmt":"2011-12-02T10:39:53","slug":"sol-i-lluna","status":"publish","type":"post","link":"https:\/\/bloc.xarxa-omnia.org\/laseu\/2011\/05\/09\/sol-i-lluna\/","title":{"rendered":"Sol i Lluna"},"content":{"rendered":"<p><!-- \t\t@page { margin: 2cm } \t\tP { margin-bottom: 0.21cm } \t\tA:link { so-language: zxx } --><span style=\"font-size: medium;\">Una de les tasques que m\u00e9s dif\u00edcils de la nostra feina com a persones dinamitzadores \u00e9s trobar activitats prou atractives i originals per tal de motivar els nostres usuaris.<\/span><\/p>\n<p><span style=\"font-size: medium;\">La revista Sol i Lluna s&#8217;ha acabat convertint en una d&#8217;aquestes activitats prou estimulants per a un grup de persones amb problemes de salut mental que acudeixen al Punt \u00d2mnia de La Seu d&#8217;Urgell. Va n\u00e9ixer l&#8217;any 2008, fruit de les reunions de valoraci\u00f3 i programaci\u00f3 que fem peri\u00f2dicament entre el Punt \u00d2mnia i les terapeutes del Centre de Dia de Salut Mental (CSM). Vam considerar que fer una revista peri\u00f2dica era una bona manera de crear i fer una activitat on els participants d&#8217;aquest centre pugessin expressar-se, explicar i donar a con\u00e8ixer el que fan en el seu dia a dia, tant al Punt \u00d2mnia com al centre. <\/span><\/p>\n<p><span style=\"font-size: medium;\">En total s\u00f3n entre 8 i 9 usuaris que van arribar a l&#8217;\u00d2mnia per iniciar-se en el m\u00f3n de la inform\u00e0tica a trav\u00e9s d&#8217;un taller d&#8217;alfabetitzaci\u00f3 digital. La majoria no sabia gaire cosa sobre aquest \u00e0mbit i poc a poc han anat adquirint compet\u00e8ncies digitals.<\/span><\/p>\n<p><span style=\"font-size: medium;\">Ara podem dir que la revista ja \u00e9s una activitat m\u00e9s que consolidada al nostre espai i tamb\u00e9 al Centre de Dia.<\/span><\/p>\n<p><span style=\"font-size: medium;\">I com la fem, aquesta revista?<\/span><\/p>\n<p><span style=\"font-size: medium;\">Els usuaris, juntament amb les seves terapeutes, s&#8217;organitzen i es reparteixen els articles o seccions a elaborar. Un cop feta la organitzaci\u00f3, cadasc\u00fa escriu el seu article a m\u00e0. Posteriorment, a l&#8217;\u00d2mnia, traspassen el text a un processador de textos, ja sigui Word o Writter. Normalment no en fem prou amb una hora i aquesta fase s&#8217;acaba allargant durant un parell de sessions. A part, cal corregir les faltes d&#8217;ortografia, inserim imatges, hi posem t\u00edtols amb wordart o fontwork&#8230; En definitiva, li donem format.<\/span><\/p>\n<p><span style=\"font-size: medium;\">La revista compta amb seccions com opini\u00f3 personal, receptes de cuina, passatemps, excursions i visites culturals, activitats de lleure, festes i tradicions, etc. No tots els usuaris del Centre de Dia venen a l&#8217;espai \u00d2mnia, per\u00f2 amb els que venen ja queden d&#8217;acord i escriuen els articles que falten.<\/span><\/p>\n<p><span style=\"font-size: medium;\">En tota la fase de redacci\u00f3 de la revista \u00e9s b\u00e0sic el treball organitzat. No \u00e9s f\u00e0cil organitzar, animar i motivar per a que tothom participi. Per aix\u00f2 \u00e9s primordial la feina que fan des de l&#8217;equip de salut mental. Des d&#8217;aqu\u00ed, els vull felicitar per aquesta tasca!<\/span><\/p>\n<p><span style=\"font-size: medium;\">Una vegada tots els \u201credactors\u201d han fet la seva feina i hem elaborat la portada de la revista, es porta a imprimir. Com que no \u00e9s gens f\u00e0cil trobar un esponsor que vulgui apadrinar la idea, de moment el centre de dia en fa la impressi\u00f3 i el tiratge. En fem 4 a l&#8217;any, una per estaci\u00f3: hivern, primavera, estiu i tardor. <\/span><\/p>\n<p><span style=\"font-size: medium;\">I jo des d&#8217;\u00d2mnia faig un pdf i, a traves de l&#8217;aplicaci\u00f3 Issu, <a href=\"http:\/\/issuu.com\/\">http:\/\/issuu.com\/,<\/a> penjo el pdf al seu blog que \u00e9s una de les altres activitats que fem amb aquest col\u00b7lectiu <a href=\"http:\/\/cdlaseu.blogspot.com\/\">http:\/\/cdlaseu.blogspot.com\/<\/a> . D&#8217;aquesta manera en resulta una revista on-line. Treballar amb Isssu no \u00e9s gens de dif\u00edcil i el resultat \u00e9s bastant professional.<\/span><\/p>\n<p><span style=\"font-size: medium;\">Un dels objectius clars a treballar amb aquest col\u00b7lectiu \u00e9s la motivaci\u00f3 i les ganes de fer. L&#8217;\u00d2mnia ha de ser un espai on aquests usuaris vegin que s\u00f3n capa\u00e7os de fer coses molt interessants a trav\u00e9s de les Tic. I \u00e9s que quan porten uns dies treballant en cada edici\u00f3 i ja veuen el funcionament, el tracte, la manera de fer&#8230; es troben molt a gust. <\/span><\/p>\n<p><span style=\"font-size: medium;\">Com a an\u00e8cdota recordo que la primera setmana de classe nom\u00e9s van venir tres usuaris, a la seg\u00fcent ja eren 8 i, en programar el seg\u00fcent curs, vam haver de programar dos hores separades perqu\u00e8 ja eren 16!<\/span><\/p>\n<p><span style=\"font-size: medium;\">Crec que amb aquest tipus de col\u00b7lectiu \u00e9s important que ells participin dient la seva:  que volen fer, els seus interessos, hobbies&#8230; Per a molts d&#8217;ells \u00e9s important ensenyar el que fan a la familia, als amics i, per a d&#8217;altres, en canvi, senten vergonya, per\u00f2 poc a poc van assumint habilitats i treballen molt la cohesi\u00f3 de grup. Per tot plegat, \u00e9s primordial que rebin un tracte amable i proper.<\/span><\/p>\n<p><span style=\"font-size: medium;\">El dia 10 d&#8217;octubre \u00e9s el dia mundial de la Salut Mental. Entre tots haur\u00edem de fer el possible per a que una persona amb una malaltia mental qu\u00e8 \u00e9s totalment capa\u00e7 de fer, estimar i treballar pugui tenir qualitat de vida sense amagar-se i accedir a tot com qualsevol altra persona.<\/span><\/p>\n<p><span style=\"font-size: medium;\">Ester Collado Mart\u00ednez<\/span><\/p>\n<p><span style=\"font-size: medium;\">Dinamitzadora del Punt \u00d2mnia de la Seu d&#8217;Urgell<\/span><\/p>\n","protected":false},"excerpt":{"rendered":"<p>Una de les tasques que m\u00e9s dif\u00edcils de la nostra feina com a persones dinamitzadores \u00e9s trobar activitats prou atractives i originals per tal de motivar els nostres usuaris. La revista Sol i Lluna s&#8217;ha acabat convertint en una d&#8217;aquestes activitats prou estimulants per a un grup de persones amb problemes de salut mental que [&hellip;]<\/p>\n","protected":false},"author":92,"featured_media":0,"comment_status":"open","ping_status":"open","sticky":false,"template":"","format":"standard","meta":{"ngg_post_thumbnail":0,"footnotes":""},"categories":[884,1,1033],"tags":[116,331,234,41],"class_list":["post-527","post","type-post","status-publish","format-standard","hentry","category-article","category-general","category-prova-pilot-daccessibilitat","tag-accessibilitat","tag-discapacitat","tag-formacio","tag-omnia"],"_links":{"self":[{"href":"https:\/\/bloc.xarxa-omnia.org\/laseu\/wp-json\/wp\/v2\/posts\/527","targetHints":{"allow":["GET"]}}],"collection":[{"href":"https:\/\/bloc.xarxa-omnia.org\/laseu\/wp-json\/wp\/v2\/posts"}],"about":[{"href":"https:\/\/bloc.xarxa-omnia.org\/laseu\/wp-json\/wp\/v2\/types\/post"}],"author":[{"embeddable":true,"href":"https:\/\/bloc.xarxa-omnia.org\/laseu\/wp-json\/wp\/v2\/users\/92"}],"replies":[{"embeddable":true,"href":"https:\/\/bloc.xarxa-omnia.org\/laseu\/wp-json\/wp\/v2\/comments?post=527"}],"version-history":[{"count":4,"href":"https:\/\/bloc.xarxa-omnia.org\/laseu\/wp-json\/wp\/v2\/posts\/527\/revisions"}],"predecessor-version":[{"id":689,"href":"https:\/\/bloc.xarxa-omnia.org\/laseu\/wp-json\/wp\/v2\/posts\/527\/revisions\/689"}],"wp:attachment":[{"href":"https:\/\/bloc.xarxa-omnia.org\/laseu\/wp-json\/wp\/v2\/media?parent=527"}],"wp:term":[{"taxonomy":"category","embeddable":true,"href":"https:\/\/bloc.xarxa-omnia.org\/laseu\/wp-json\/wp\/v2\/categories?post=527"},{"taxonomy":"post_tag","embeddable":true,"href":"https:\/\/bloc.xarxa-omnia.org\/laseu\/wp-json\/wp\/v2\/tags?post=527"}],"curies":[{"name":"wp","href":"https:\/\/api.w.org\/{rel}","templated":true}]}}