{"id":530,"date":"2011-06-06T09:19:01","date_gmt":"2011-06-06T08:19:01","guid":{"rendered":"http:\/\/blog.xarxa-omnia.org\/laseu\/?p=530"},"modified":"2011-12-02T11:39:27","modified_gmt":"2011-12-02T10:39:27","slug":"laurora-i-el-bigkeys-%e2%80%9cutilitzo-el-teclat-de-lletres-grans%e2%80%9d","status":"publish","type":"post","link":"https:\/\/bloc.xarxa-omnia.org\/laseu\/2011\/06\/06\/laurora-i-el-bigkeys-%e2%80%9cutilitzo-el-teclat-de-lletres-grans%e2%80%9d\/","title":{"rendered":"L&#8217;Aurora i el BigKeys: \u201cutilitzo el teclat de lletres grans\u201d"},"content":{"rendered":"<p><!-- \t\t@page { margin: 2cm } \t\tP { margin-bottom: 0.21cm } \t\tA:link { so-language: zxx } --><span style=\"font-family: Verdana,sans-serif;\">A trav\u00e9s d&#8217;aquesta entrevista voldria que conegu\u00e9ssiu l&#8217;Aurora. L&#8217;Aurora, a m\u00e9s de viure a la Llar resid\u00e8ncia Claror de la Seu d&#8217;Urgell, \u00e9s una usu\u00e0ria del Taller Claror i, per tant, \u00e9s una de les alumnes que venen al Punt \u00d2mnia. L&#8217;Aurora t\u00e9 un problema visual que li dificulta escriure a l&#8217;ordinador amb un teclat normal.  Per aix\u00f2, li ha suposat un gran pas endavant, poder disposar de material adaptat, concretament el nou teclat BigKeys. <\/span><\/p>\n<p><span style=\"font-family: Verdana,sans-serif;\">Com a caracter\u00edstiques m\u00e9s destacables, aquest teclat t\u00e9:<\/span><\/p>\n<ul>\n<li><span style=\"font-family: Verdana,sans-serif;\">Les \ttecles s\u00f3n quatre vegades m\u00e9s grans que les d&#8217;un teclat \tnormalitzat.<\/span><\/li>\n<li><span style=\"font-family: Verdana,sans-serif;\">El \tcobertor facilita que quan premis una tecla el dit no en marxi.<\/span><\/li>\n<li><span style=\"font-family: Verdana,sans-serif;\">No \tes repeteix la mateixa lletra encara que es premi la mateixa tecla \tdurant una bona estona. <\/span><\/li>\n<\/ul>\n<p><span style=\"font-family: Verdana,sans-serif;\"><span style=\"font-size: medium;\"><strong>Entrevista<\/strong><\/span><\/span><\/p>\n<p><span style=\"color: #0000ff;\"><span style=\"font-family: Verdana,sans-serif;\">-Quines activitats feu al centre Claror?<\/span><\/span><\/p>\n<p><span style=\"color: #ff0000;\"><span style=\"font-family: Verdana,sans-serif;\">Fem activitats de jardineria, restauraci\u00f3 i venda de mobles, gimn\u00e0stica, inform\u00e0tica, refor\u00e7 com restar i sumar, sortides i excursions&#8230; <\/span><\/span><\/p>\n<p><span style=\"color: #ff0000;\"><span style=\"font-family: Verdana,sans-serif;\">A m\u00e9s, tenim un hort al \u201cpati de l&#8217;amistat\u201d i ara hem plantat espinacs. L&#8217;any passat vam plantar mongeta tendra i tom\u00e0quets. El millor de tot \u00e9s que despr\u00e9s ens ho mengem!!<\/span><\/span><\/p>\n<p><span style=\"color: #ff0000;\"><span style=\"font-family: Verdana,sans-serif;\">Tamb\u00e9 fer competicions esportives de petanca, nataci\u00f3 i atletisme. <\/span><\/span><\/p>\n<p><span style=\"color: #0000ff;\"><span style=\"font-family: Verdana,sans-serif;\">-Quan temps fa que vens al Punt l&#8217;\u00d2mnia de la Seu d&#8217;Urgell?<\/span><\/span><\/p>\n<p><span style=\"color: #ff0000;\"><span style=\"font-family: Verdana,sans-serif;\">Des del 2006<\/span><\/span><\/p>\n<p><span style=\"color: #0000ff;\"><span style=\"font-family: Verdana,sans-serif;\">-Quines coses fas a l&#8217;\u00d2mnia?<\/span><\/span><\/p>\n<p><span style=\"color: #ff0000;\"><span style=\"font-family: Verdana,sans-serif;\">Fem fitxes, jocs, escriure i copiar amb lletra gran (a l&#8217;\u00d2mnia vaig aprendre a posar maj\u00fascula i min\u00fascula), fem anar programes per dibuixar i pintar&#8230;<\/span><\/span><\/p>\n<p><span style=\"color: #0000ff;\"><span style=\"font-family: Verdana,sans-serif;\">-Quin material adaptat utilitzen?<\/span><\/span><\/p>\n<p><span style=\"color: #ff0000;\"><span style=\"font-family: Verdana,sans-serif;\">Jo utilitzo el teclat de lletres grans!<\/span><\/span><\/p>\n<p><span style=\"color: #0000ff;\"><span style=\"font-family: Verdana,sans-serif;\">-Quina difer\u00e8ncia trobes entre el teclat normalitzat i el Big Keys?<\/span><\/span><\/p>\n<p><span style=\"color: #ff0000;\"><span style=\"font-family: Verdana,sans-serif;\">Veig millor les lletres, perqu\u00e8 s\u00f3n molt m\u00e9s grans. El pl\u00e0stic que porta a sobre m&#8217;ajuda a pr\u00e9mer millor les lletres.<\/span><\/span><\/p>\n<p><span style=\"color: #0000ff;\"><span style=\"font-family: Verdana,sans-serif;\">-Quines coses t&#8217;agrada fer a l&#8217;\u00d2mnia?<\/span><\/span><\/p>\n<p><span style=\"color: #ff0000;\"><span style=\"font-family: Verdana,sans-serif;\">El que m\u00e9s m&#8217;agrada \u00e9s escriure i fer puzzles on-line.<\/span><\/span><\/p>\n<p><span style=\"font-family: Verdana,sans-serif;\"><span style=\"color: #0000ff;\">-Creus que \u00e9s important con\u00e8ixer i treballar amb l&#8217;ordinador? <\/span><span style=\"color: #ff0000;\">Si<\/span><span style=\"color: #0000ff;\"> Perqu\u00e8? <\/span><span style=\"color: #ff0000;\">Perqu\u00e8 t&#8217;ajuda a pensar, a escriure millor i a treballar el coco.<\/span><\/span><\/p>\n<p><span style=\"color: #0000ff;\"><span style=\"font-family: Verdana,sans-serif;\">-Qu\u00e8 \u00e9s pot fer amb un ordinador? <\/span><\/span><\/p>\n<p><span style=\"color: #ff0000;\"><span style=\"font-family: Verdana,sans-serif;\">Moltes coses per exemple c\u00e0lcul, c\u00f2pies, veure v\u00eddeos i not\u00edcies&#8230;<\/span><\/span><\/p>\n<p><span style=\"color: #0000ff;\"><span style=\"font-family: Verdana,sans-serif;\">-Quina activitat estas fent ara a l&#8217;\u00d2mnia?<\/span><\/span><\/p>\n<p><span style=\"color: #ff0000;\"><span style=\"font-family: Verdana,sans-serif;\">Estem treballant un article sobre la lluna, perqu\u00e8 fa uns dies es veia molt gran i tamb\u00e9 posarem una foto de la lluna.<\/span><\/span><\/p>\n<p><span style=\"color: #0000ff;\"><span style=\"font-family: Verdana,sans-serif;\">-Vosaltres teniu un blog. Quines coses hi escriviu? <\/span><\/span><\/p>\n<p><span style=\"color: #ff0000;\"><span style=\"font-family: Verdana,sans-serif;\">Sobre els tallers i les activitats que fem al centre. I tamb\u00e9 hi posem fotos<\/span><\/span><\/p>\n<p><span style=\"color: #ff0000;\"><span style=\"font-family: Verdana,sans-serif;\"><a href=\"http:\/\/tallerclaror.wordpress.com\/\">http:\/\/tallerclaror.wordpress.com\/<\/a><\/span><\/span><\/p>\n<p><span style=\"color: #0000ff;\"><span style=\"font-family: Verdana,sans-serif;\">-Qu\u00e8 li recomanaries a una persona amb discapacitat sobre els ordinadors?<\/span><\/span><\/p>\n<p><span style=\"color: #ff0000;\"><span style=\"font-family: Verdana,sans-serif;\">Que el fes servir, perqu\u00e8 ajuda a la persona a pensar i, a m\u00e9s, podem fer de tot, igual que qualsevol altra persona.<\/span><\/span><\/p>\n<p><span style=\"color: #ff0000;\"><span style=\"font-family: Verdana,sans-serif;\">Gr\u00e0cies Aurora per les teves paraules!<a href=\"http:\/\/xarxaomnia.gencat.cat\/blocs\/laseu\/files\/2011\/06\/Aurora.jpg\"><img loading=\"lazy\" decoding=\"async\" class=\"alignright size-medium wp-image-531\" title=\"Aurora\" src=\"http:\/\/xarxaomnia.gencat.cat\/blocs\/laseu\/files\/2011\/06\/Aurora-300x240.jpg\" alt=\"\" width=\"214\" height=\"171\" srcset=\"https:\/\/bloc.xarxa-omnia.org\/laseu\/files\/2011\/06\/Aurora-300x240.jpg 300w, https:\/\/bloc.xarxa-omnia.org\/laseu\/files\/2011\/06\/Aurora-1024x819.jpg 1024w\" sizes=\"auto, (max-width: 214px) 100vw, 214px\" \/><\/a><\/span><\/span><\/p>\n<p><img decoding=\"async\" src=\"file:\/\/\/C:\/DOCUME%7E1\/alumne\/CONFIG%7E1\/Temp\/moz-screenshot-4.png\" alt=\"\" \/><\/p>\n<p><span style=\"color: #000000;\"><span style=\"font-family: Verdana,sans-serif;\">L&#8217;Aurora marxa contenta despr\u00e9s d&#8217;aquesta petita entrevista. Per ella \u00e9s important i se sent important. A qui de nosaltres no ens agrada aquesta sensaci\u00f3?<\/span><\/span><\/p>\n<p><span style=\"color: #000000;\"><span style=\"font-family: Verdana,sans-serif;\">Com a dinamitzadora em sento orgullosa de la feina que fan aquests col\u00b7lectius i els hi vull agrair l&#8217;esfor\u00e7 i la voluntat per aprendre i seguir endavant!<\/span><\/span><\/p>\n<p><span style=\"color: #000000;\"><span style=\"font-family: Verdana,sans-serif;\"><br \/>\n<\/span><\/span><\/p>\n<p><span style=\"color: #000000;\"><span style=\"font-family: Verdana,sans-serif;\">Ester Collado<\/span><\/span><\/p>\n<p><span style=\"color: #000000;\"><span style=\"font-family: Verdana,sans-serif;\">Dinamitzadora del Punt \u00d2mnia de la Seu d&#8217;Urgell<\/span><\/span><\/p>\n<p><span style=\"color: #ff0000;\"><span style=\"font-family: Verdana,sans-serif;\"><span style=\"font-size: x-small;\">Informaci\u00f3 !!<\/span><\/span><\/span><\/p>\n<p><span style=\"color: #0000ff;\"><span style=\"font-family: Verdana,sans-serif;\"><span style=\"font-size: x-small;\">Als mesos de juliol i agost no hi haur\u00e0 articles, ens tornem a veure al mes de setembre.<\/span><\/span><\/span><\/p>\n<p><span style=\"color: #0000ff;\"><span style=\"font-family: Verdana,sans-serif;\"><span style=\"font-size: x-small;\">Gr\u00e0cies i bon estiu a tots!<\/span><\/span><\/span><\/p>\n","protected":false},"excerpt":{"rendered":"<p>A trav\u00e9s d&#8217;aquesta entrevista voldria que conegu\u00e9ssiu l&#8217;Aurora. L&#8217;Aurora, a m\u00e9s de viure a la Llar resid\u00e8ncia Claror de la Seu d&#8217;Urgell, \u00e9s una usu\u00e0ria del Taller Claror i, per tant, \u00e9s una de les alumnes que venen al Punt \u00d2mnia. L&#8217;Aurora t\u00e9 un problema visual que li dificulta escriure a l&#8217;ordinador amb un teclat [&hellip;]<\/p>\n","protected":false},"author":92,"featured_media":0,"comment_status":"open","ping_status":"open","sticky":false,"template":"","format":"standard","meta":{"ngg_post_thumbnail":0,"footnotes":""},"categories":[884,1,1033],"tags":[116,331,234,41],"class_list":["post-530","post","type-post","status-publish","format-standard","hentry","category-article","category-general","category-prova-pilot-daccessibilitat","tag-accessibilitat","tag-discapacitat","tag-formacio","tag-omnia"],"_links":{"self":[{"href":"https:\/\/bloc.xarxa-omnia.org\/laseu\/wp-json\/wp\/v2\/posts\/530","targetHints":{"allow":["GET"]}}],"collection":[{"href":"https:\/\/bloc.xarxa-omnia.org\/laseu\/wp-json\/wp\/v2\/posts"}],"about":[{"href":"https:\/\/bloc.xarxa-omnia.org\/laseu\/wp-json\/wp\/v2\/types\/post"}],"author":[{"embeddable":true,"href":"https:\/\/bloc.xarxa-omnia.org\/laseu\/wp-json\/wp\/v2\/users\/92"}],"replies":[{"embeddable":true,"href":"https:\/\/bloc.xarxa-omnia.org\/laseu\/wp-json\/wp\/v2\/comments?post=530"}],"version-history":[{"count":3,"href":"https:\/\/bloc.xarxa-omnia.org\/laseu\/wp-json\/wp\/v2\/posts\/530\/revisions"}],"predecessor-version":[{"id":688,"href":"https:\/\/bloc.xarxa-omnia.org\/laseu\/wp-json\/wp\/v2\/posts\/530\/revisions\/688"}],"wp:attachment":[{"href":"https:\/\/bloc.xarxa-omnia.org\/laseu\/wp-json\/wp\/v2\/media?parent=530"}],"wp:term":[{"taxonomy":"category","embeddable":true,"href":"https:\/\/bloc.xarxa-omnia.org\/laseu\/wp-json\/wp\/v2\/categories?post=530"},{"taxonomy":"post_tag","embeddable":true,"href":"https:\/\/bloc.xarxa-omnia.org\/laseu\/wp-json\/wp\/v2\/tags?post=530"}],"curies":[{"name":"wp","href":"https:\/\/api.w.org\/{rel}","templated":true}]}}