{"id":533,"date":"2011-06-14T08:04:30","date_gmt":"2011-06-14T07:04:30","guid":{"rendered":"http:\/\/blog.xarxa-omnia.org\/laseu\/?p=533"},"modified":"2011-06-20T15:52:34","modified_gmt":"2011-06-20T14:52:34","slug":"les-receptes-den-juan","status":"publish","type":"post","link":"https:\/\/bloc.xarxa-omnia.org\/laseu\/2011\/06\/14\/les-receptes-den-juan\/","title":{"rendered":"Les receptes d&#8217;en Juan"},"content":{"rendered":"<p>En Juan \u00e9s un dels alumnes que ha comen\u00e7at aquest any 2011 el curs <strong>d\u2019Iniciaci\u00f3 a la inform\u00e0tica<\/strong> al Punt \u00d2mnia del Centre C\u00edvic de l\u2019Escorxador de la Seu d\u2019Urgell.<\/p>\n<p>De professi\u00f3 cuiner, \u00a0ha canviat els fogons i les culleres per un teclat i una pantalla. Treballa amb molta il\u00b7lusi\u00f3 i ara la seva \u201cfeina\u201d \u00e9s compartir receptes i men\u00fas amb uns seguidors que cada setmana esperem una nova recepta per poder llepar-se el dits.<\/p>\n<p>Hi podem gaudir de les seves receptes perqu\u00e8 s\u2019ha comprom\u00e8s a escriure unes quantes receptes del munt que t\u00e9 al cap!!<\/p>\n<p>Fa anar un processador de text i una vegada t\u00e9 la recepta escrita la penja al suro de la sala.<\/p>\n<p>Ara tots dos hem pensat que seria una bona idea que aquest material culinari estigui penjat per a tots i\u00a0 d\u2019aquesta manera que tots nosaltres puguem accedir sense haver d\u2019imprimir cada vegada que ens fa falta una recepta, aix\u00ed tots hi pensem una mica amb el medi ambient.<\/p>\n<p>B\u00e9, aquest ser\u00e0 el <strong><em><span style=\"text-decoration: underline;\">Primer receptari<\/span><\/em><\/strong> amb quinze receptes de tot tipus i en poc temps comen\u00e7arem a crear el <strong><em><span style=\"text-decoration: underline;\">II Receptari d\u2019en Juan.<\/span><\/em><\/strong><\/p>\n<p>Gr\u00e0cies Juan per compartir els teus coneixements!!<br \/>\n<a href=\"http:\/\/xarxaomnia.gencat.cat\/blocs\/laseu\/files\/2011\/06\/Les-receptes-den-Juan.pdf\">Les receptes d&#8217;en Juan<\/a><\/p>\n","protected":false},"excerpt":{"rendered":"<p>En Juan \u00e9s un dels alumnes que ha comen\u00e7at aquest any 2011 el curs d\u2019Iniciaci\u00f3 a la inform\u00e0tica al Punt \u00d2mnia del Centre C\u00edvic de l\u2019Escorxador de la Seu d\u2019Urgell. De professi\u00f3 cuiner, \u00a0ha canviat els fogons i les culleres per un teclat i una pantalla. Treballa amb molta il\u00b7lusi\u00f3 i ara la seva \u201cfeina\u201d [&hellip;]<\/p>\n","protected":false},"author":92,"featured_media":0,"comment_status":"open","ping_status":"open","sticky":false,"template":"","format":"standard","meta":{"ngg_post_thumbnail":0,"footnotes":""},"categories":[1,1095],"tags":[],"class_list":["post-533","post","type-post","status-publish","format-standard","hentry","category-general","category-receptes-de-cuina"],"_links":{"self":[{"href":"https:\/\/bloc.xarxa-omnia.org\/laseu\/wp-json\/wp\/v2\/posts\/533","targetHints":{"allow":["GET"]}}],"collection":[{"href":"https:\/\/bloc.xarxa-omnia.org\/laseu\/wp-json\/wp\/v2\/posts"}],"about":[{"href":"https:\/\/bloc.xarxa-omnia.org\/laseu\/wp-json\/wp\/v2\/types\/post"}],"author":[{"embeddable":true,"href":"https:\/\/bloc.xarxa-omnia.org\/laseu\/wp-json\/wp\/v2\/users\/92"}],"replies":[{"embeddable":true,"href":"https:\/\/bloc.xarxa-omnia.org\/laseu\/wp-json\/wp\/v2\/comments?post=533"}],"version-history":[{"count":4,"href":"https:\/\/bloc.xarxa-omnia.org\/laseu\/wp-json\/wp\/v2\/posts\/533\/revisions"}],"predecessor-version":[{"id":545,"href":"https:\/\/bloc.xarxa-omnia.org\/laseu\/wp-json\/wp\/v2\/posts\/533\/revisions\/545"}],"wp:attachment":[{"href":"https:\/\/bloc.xarxa-omnia.org\/laseu\/wp-json\/wp\/v2\/media?parent=533"}],"wp:term":[{"taxonomy":"category","embeddable":true,"href":"https:\/\/bloc.xarxa-omnia.org\/laseu\/wp-json\/wp\/v2\/categories?post=533"},{"taxonomy":"post_tag","embeddable":true,"href":"https:\/\/bloc.xarxa-omnia.org\/laseu\/wp-json\/wp\/v2\/tags?post=533"}],"curies":[{"name":"wp","href":"https:\/\/api.w.org\/{rel}","templated":true}]}}