{"id":555,"date":"2011-07-05T11:34:00","date_gmt":"2011-07-05T10:34:00","guid":{"rendered":"http:\/\/blog.xarxa-omnia.org\/laseu\/?p=555"},"modified":"2011-07-05T11:45:40","modified_gmt":"2011-07-05T10:45:40","slug":"reciclat-durant-lestiu","status":"publish","type":"post","link":"https:\/\/bloc.xarxa-omnia.org\/laseu\/2011\/07\/05\/reciclat-durant-lestiu\/","title":{"rendered":"Recicla&#8217;t durant l&#8217;estiu"},"content":{"rendered":"<p>Al mes d&#8217;agost i com cada any realitzem els tallers d&#8217;inform\u00e0tica dins del Pla Comarcal d&#8217;Immigraci\u00f3.<\/p>\n<p>Aquest any hem programat dos tallers:<\/p>\n<p>1.Connecta&#8217;t &#8211; Iniciaci\u00f3 a la inform\u00e0tica del 1 al 12 d&#8217;agost- Inscripcions del 18 al 27 de juliol a l&#8217;Oac Ajuntament de la Seu d&#8217;Urgell.<\/p>\n<p>2.Connecta&#8217;t II- Fulls de C\u00e0lcul del 16 al 31 d&#8217;agost- Inscripcions del 4 al 11 d&#8217;agost a l&#8217;Oac Ajuntament de la Seu d&#8217;Urgell.<\/p>\n<p>Tots dos tallers s\u00f3n de 10 a 12 del mat\u00ed i amb una durada de 20 hores lectives.<\/p>\n<p><a href=\"http:\/\/xarxaomnia.gencat.cat\/blocs\/laseu\/files\/2011\/07\/Tallers-per-el-mes-dagost.jpg\"><img loading=\"lazy\" decoding=\"async\" class=\"alignright size-medium wp-image-556\" title=\"Tallers per el mes d'agost\" src=\"http:\/\/xarxaomnia.gencat.cat\/blocs\/laseu\/files\/2011\/07\/Tallers-per-el-mes-dagost-300x151.jpg\" alt=\"\" width=\"300\" height=\"151\" srcset=\"https:\/\/bloc.xarxa-omnia.org\/laseu\/files\/2011\/07\/Tallers-per-el-mes-dagost-300x151.jpg 300w, https:\/\/bloc.xarxa-omnia.org\/laseu\/files\/2011\/07\/Tallers-per-el-mes-dagost.jpg 1024w\" sizes=\"auto, (max-width: 300px) 100vw, 300px\" \/><\/a><\/p>\n","protected":false},"excerpt":{"rendered":"<p>Al mes d&#8217;agost i com cada any realitzem els tallers d&#8217;inform\u00e0tica dins del Pla Comarcal d&#8217;Immigraci\u00f3. Aquest any hem programat dos tallers: 1.Connecta&#8217;t &#8211; Iniciaci\u00f3 a la inform\u00e0tica del 1 al 12 d&#8217;agost- Inscripcions del 18 al 27 de juliol a l&#8217;Oac Ajuntament de la Seu d&#8217;Urgell. 2.Connecta&#8217;t II- Fulls de C\u00e0lcul del 16 al [&hellip;]<\/p>\n","protected":false},"author":92,"featured_media":0,"comment_status":"open","ping_status":"open","sticky":false,"template":"","format":"standard","meta":{"ngg_post_thumbnail":0,"footnotes":""},"categories":[1],"tags":[],"class_list":["post-555","post","type-post","status-publish","format-standard","hentry","category-general"],"_links":{"self":[{"href":"https:\/\/bloc.xarxa-omnia.org\/laseu\/wp-json\/wp\/v2\/posts\/555","targetHints":{"allow":["GET"]}}],"collection":[{"href":"https:\/\/bloc.xarxa-omnia.org\/laseu\/wp-json\/wp\/v2\/posts"}],"about":[{"href":"https:\/\/bloc.xarxa-omnia.org\/laseu\/wp-json\/wp\/v2\/types\/post"}],"author":[{"embeddable":true,"href":"https:\/\/bloc.xarxa-omnia.org\/laseu\/wp-json\/wp\/v2\/users\/92"}],"replies":[{"embeddable":true,"href":"https:\/\/bloc.xarxa-omnia.org\/laseu\/wp-json\/wp\/v2\/comments?post=555"}],"version-history":[{"count":4,"href":"https:\/\/bloc.xarxa-omnia.org\/laseu\/wp-json\/wp\/v2\/posts\/555\/revisions"}],"predecessor-version":[{"id":560,"href":"https:\/\/bloc.xarxa-omnia.org\/laseu\/wp-json\/wp\/v2\/posts\/555\/revisions\/560"}],"wp:attachment":[{"href":"https:\/\/bloc.xarxa-omnia.org\/laseu\/wp-json\/wp\/v2\/media?parent=555"}],"wp:term":[{"taxonomy":"category","embeddable":true,"href":"https:\/\/bloc.xarxa-omnia.org\/laseu\/wp-json\/wp\/v2\/categories?post=555"},{"taxonomy":"post_tag","embeddable":true,"href":"https:\/\/bloc.xarxa-omnia.org\/laseu\/wp-json\/wp\/v2\/tags?post=555"}],"curies":[{"name":"wp","href":"https:\/\/api.w.org\/{rel}","templated":true}]}}