{"id":574,"date":"2011-09-06T14:39:27","date_gmt":"2011-09-06T13:39:27","guid":{"rendered":"http:\/\/blog.xarxa-omnia.org\/laseu\/?p=574"},"modified":"2011-12-02T11:38:59","modified_gmt":"2011-12-02T10:38:59","slug":"discapacitat-fisica-aspid","status":"publish","type":"post","link":"https:\/\/bloc.xarxa-omnia.org\/laseu\/2011\/09\/06\/discapacitat-fisica-aspid\/","title":{"rendered":"Discapacitat f\u00edsica &#8211; ASPID-"},"content":{"rendered":"<p><!-- \t\t@page { margin: 2cm } \t\tP { margin-bottom: 0.21cm } \t\tA:link { so-language: zxx } --><span style=\"font-size: medium;\">Un dels problemes que ens trobem els que vivim a comarques de muntanya, s\u00f3n la manca de recursos i serveis, i si a sobre parlem de recursos per a persones amb discapacitat el tema empitjora.<\/span><\/p>\n<p><span style=\"font-size: medium;\"><span style=\"font-size: medium;\">L&#8217;\u00d2mnia de la Seu ja fa 5 anys que participa dins del projecte qu\u00e8 Aspid <a href=\"http:\/\/www.aspid.cat\/\">www.aspid.cat<\/a> t\u00e9 a la comarca. <\/span><\/span><\/p>\n<p><span style=\"color: #000000;\"><span style=\"font-family: Times New Roman,serif;\"><span style=\"font-size: medium;\">Aspid \u00e9s una entitat fundada per un grup de persones amb discapacitat f\u00edsica i que treballa per a desenvolupar programes i serveis amb l&#8217;objectiu darrer de impulsar el benestar i millorar la qualitat de vida de les persones amb discapacitat f\u00edsica. <\/span><\/span><\/span><\/p>\n<p><span style=\"font-family: Times New Roman,serif;\"><span style=\"font-size: medium;\">Un  dels materials adaptats amb els que comptem, s\u00f3n els ratolins adaptats.<\/span><\/span><\/p>\n<p><span style=\"font-size: medium;\">Al nostre espai tenim de dos tipus, aquest serien els mouses de bola<\/span><\/p>\n<p><a href=\"http:\/\/xarxaomnia.gencat.cat\/blocs\/laseu\/files\/2011\/09\/mouses.jpg\"><\/a><a href=\"http:\/\/xarxaomnia.gencat.cat\/blocs\/laseu\/files\/2011\/09\/mouses1.jpg\"><img loading=\"lazy\" decoding=\"async\" class=\"aligncenter size-medium wp-image-576\" title=\"mouses\" src=\"http:\/\/xarxaomnia.gencat.cat\/blocs\/laseu\/files\/2011\/09\/mouses1-300x89.jpg\" alt=\"\" width=\"300\" height=\"89\" srcset=\"https:\/\/bloc.xarxa-omnia.org\/laseu\/files\/2011\/09\/mouses1-300x89.jpg 300w, https:\/\/bloc.xarxa-omnia.org\/laseu\/files\/2011\/09\/mouses1.jpg 450w\" sizes=\"auto, (max-width: 300px) 100vw, 300px\" \/><\/a><\/p>\n<p><span style=\"font-size: medium;\">i aquest altre seria de polsadors o commutadors<\/span><\/p>\n<p><span style=\"font-size: medium;\"><a href=\"http:\/\/xarxaomnia.gencat.cat\/blocs\/laseu\/files\/2011\/09\/polsadors.jpg\"><img loading=\"lazy\" decoding=\"async\" class=\"aligncenter size-thumbnail wp-image-577\" title=\"polsadors\" src=\"http:\/\/xarxaomnia.gencat.cat\/blocs\/laseu\/files\/2011\/09\/polsadors-150x150.jpg\" alt=\"\" width=\"150\" height=\"150\" \/><\/a><br \/>\n<\/span><\/p>\n<p><span style=\"font-size: medium;\">Caracter\u00edstiques d&#8217;aquests ratolins adaptats:<\/span><\/p>\n<p><span style=\"font-size: medium;\"><strong>Trackball de bola gegant<\/strong>: la seva bola gran esta pensada per diferents tipus d&#8217;usuaris amb problemes de motricitat a les extremitats superiors, per\u00f2 que s\u00f3n capa\u00e7os de <\/span><\/p>\n<p><span style=\"font-size: medium;\">fer-ho anar amb la palma de la m\u00e0. Tamb\u00e9 es una eina molt bona per a nens i gent gran.<\/span><\/p>\n<p><span style=\"font-size: medium;\"><strong>Joystick: <\/strong>recomanat per usuaris amb dificultats motores a les mans, espamos musculars o mala coordinaci\u00f3 oculo-manual. A m\u00e9s t\u00e9 m\u00e0necs diferents per poder cobrir mes adaptacions.<\/span><\/p>\n<p><span style=\"font-size: medium;\"><strong>Trackball: <\/strong>recomanat per persones amb problemes motors a les extremitats superiors, per\u00f2 que poden fer anar els dits o la palma de la ma.<\/span><\/p>\n<p><span style=\"font-size: medium;\"><strong>BJoy Clic Plus: <\/strong>Aquest mouse \u00e9s el m\u00e9s vers\u00e0til ja que el pots configurar depenen la discapacitat de la persona. Pensat per a usuaris amb dificultat de control de moviment.<\/span><\/p>\n<p><span style=\"font-size: medium;\">Moltes discapacitats f\u00edsiques s\u00f3n a causa d&#8217;accidents laborals, d&#8217;altres per gen\u00e8tica o malaltia degenerativa (esclerosi m\u00faltiple..etc) el cas \u00e9s, que quan t&#8217;arriba al teu Punt una persona amb alguna d&#8217;aquestes discapacitats agraeixes el tenir material adaptat, pantalla, teclats per\u00f2 sobre tot els ratolins. Aquestes eines adaptades fan que la persona es senti segura, amb confian\u00e7a, integrada i amb il\u00b7lusi\u00f3 per continuar endavant.<\/span><\/p>\n<p><span style=\"font-size: medium;\">Com a dinamitzadora he de dir que la primera vegada que a \u00d2mnia vam tenir una persona amb discapacitat f\u00edsica ho vaig passar una mica magre. No tenia ni idea, no sabia si era adequat ajudar o no, si la persona es trobava c\u00f2moda o no &#8230;. molt dubtes i molts nervis. <\/span><\/p>\n<p><span style=\"font-size: medium;\">Ara, vist des de la dist\u00e0ncia me n&#8217;adono del que he apr\u00e8s gr\u00e0cies a ells. No s\u00f3n ni m\u00e9s ni menys que un altra persona i es just aix\u00f2 lo que ells demanen i si aquest tracte \u00e9s el que reben la seva resposta \u00e9s absolutament incondicional.<\/span><\/p>\n<p><span style=\"font-size: medium;\">Encara que no \u00e9s f\u00e0cil, el primer a fer \u00e9s trencar les <strong>nostres pr\u00f2pies barreres<\/strong>. A partir d&#8217;aqu\u00ed tenir la ment m\u00e9s oberta que mai, estar atent, ser observador i veure que \u00e9s el que manca a la sala, de quina manera adaptar els materials&#8230;.i en definitiva mirar de fer el possible per a que aquella persona pugui fer i treballar al nostre espai, per\u00f2 tamb\u00e9 ser una persona amb empatia per\u00f2 sense caure al parany de la protecci\u00f3.<\/span><\/p>\n<p><span style=\"font-size: medium;\">Ens queda molt per fer per\u00f2 ja  hem fet el primer pas!<\/span><\/p>\n<p><span style=\"font-size: medium;\"><a href=\"http:\/\/xarxaomnia.gencat.cat\/blocs\/laseu\/files\/2011\/09\/IMG_2137.jpg\"><img loading=\"lazy\" decoding=\"async\" class=\"aligncenter size-thumbnail wp-image-578\" title=\"IMG_2137\" src=\"http:\/\/xarxaomnia.gencat.cat\/blocs\/laseu\/files\/2011\/09\/IMG_2137-150x150.jpg\" alt=\"\" width=\"150\" height=\"150\" \/><\/a><br \/>\n<\/span><\/p>\n<p><span style=\"color: #000000;\">\u201c<\/span><span style=\"font-size: medium;\"><span style=\"color: #000000;\"><span style=\"font-family: Curlz MT,fantasy;\"><span style=\"font-size: large;\"><em><strong>La discapacitat neix en la mirada de l&#8217;altre\u201d<\/strong><\/em><\/span><\/span><\/span><\/span><\/p>\n","protected":false},"excerpt":{"rendered":"<p>Un dels problemes que ens trobem els que vivim a comarques de muntanya, s\u00f3n la manca de recursos i serveis, i si a sobre parlem de recursos per a persones amb discapacitat el tema empitjora. L&#8217;\u00d2mnia de la Seu ja fa 5 anys que participa dins del projecte qu\u00e8 Aspid www.aspid.cat t\u00e9 a la comarca. [&hellip;]<\/p>\n","protected":false},"author":92,"featured_media":0,"comment_status":"open","ping_status":"open","sticky":false,"template":"","format":"standard","meta":{"ngg_post_thumbnail":0,"footnotes":""},"categories":[884,1,1033],"tags":[116,331,234,41],"class_list":["post-574","post","type-post","status-publish","format-standard","hentry","category-article","category-general","category-prova-pilot-daccessibilitat","tag-accessibilitat","tag-discapacitat","tag-formacio","tag-omnia"],"_links":{"self":[{"href":"https:\/\/bloc.xarxa-omnia.org\/laseu\/wp-json\/wp\/v2\/posts\/574","targetHints":{"allow":["GET"]}}],"collection":[{"href":"https:\/\/bloc.xarxa-omnia.org\/laseu\/wp-json\/wp\/v2\/posts"}],"about":[{"href":"https:\/\/bloc.xarxa-omnia.org\/laseu\/wp-json\/wp\/v2\/types\/post"}],"author":[{"embeddable":true,"href":"https:\/\/bloc.xarxa-omnia.org\/laseu\/wp-json\/wp\/v2\/users\/92"}],"replies":[{"embeddable":true,"href":"https:\/\/bloc.xarxa-omnia.org\/laseu\/wp-json\/wp\/v2\/comments?post=574"}],"version-history":[{"count":3,"href":"https:\/\/bloc.xarxa-omnia.org\/laseu\/wp-json\/wp\/v2\/posts\/574\/revisions"}],"predecessor-version":[{"id":687,"href":"https:\/\/bloc.xarxa-omnia.org\/laseu\/wp-json\/wp\/v2\/posts\/574\/revisions\/687"}],"wp:attachment":[{"href":"https:\/\/bloc.xarxa-omnia.org\/laseu\/wp-json\/wp\/v2\/media?parent=574"}],"wp:term":[{"taxonomy":"category","embeddable":true,"href":"https:\/\/bloc.xarxa-omnia.org\/laseu\/wp-json\/wp\/v2\/categories?post=574"},{"taxonomy":"post_tag","embeddable":true,"href":"https:\/\/bloc.xarxa-omnia.org\/laseu\/wp-json\/wp\/v2\/tags?post=574"}],"curies":[{"name":"wp","href":"https:\/\/api.w.org\/{rel}","templated":true}]}}