{"id":648,"date":"2011-10-13T16:09:04","date_gmt":"2011-10-13T15:09:04","guid":{"rendered":"http:\/\/blog.xarxa-omnia.org\/laseu\/?p=648"},"modified":"2011-12-02T11:38:31","modified_gmt":"2011-12-02T10:38:31","slug":"calendaris-al-punt-omnia-de-la-seu-durgell","status":"publish","type":"post","link":"https:\/\/bloc.xarxa-omnia.org\/laseu\/2011\/10\/13\/calendaris-al-punt-omnia-de-la-seu-durgell\/","title":{"rendered":"Calendaris al Punt \u00d2mnia de la Seu d&#8217;Urgell"},"content":{"rendered":"<p>En aquest article us parlar\u00e9 d&#8217;una de les activitats amb m\u00e9s \u00e8xit del nostre espai: l\u2019elaboraci\u00f3 de calendaris.<\/p>\n<p>Fer calendaris \u00e9s una activitat molt coneguda pels participants dels  tallers d&#8217;\u00d2mnia amb discapacitat o sense. \u00c9s molt divertit fer-los,  perqu\u00e8 pots elaborar el teu calendari amb les teves imatges i les dates  de les festes anyals m\u00e9s importants, les fires, <abbr title=\"etc\u00e8tera\" lang=\"ca\">etc.<\/abbr> \u00c9s un almanac personalitzat!<\/p>\n<p>Tot i que ara hi ha programes molt bons per fer-los, continuem  treballant amb les mateixes eines que fa vuit anys enrere; abans ho  f\u00e8iem amb Excel i ara amb Calc. Crec que, per a la majoria dels  participants, \u00e9s pr\u00e0ctic treballar amb fulls de c\u00e0lcul i, a m\u00e9s, com que  tenen aquesta aplicaci\u00f3 al seu ordinador personal, els permet seguir  practicant cada dia.<\/p>\n<p>\u00c9s aix\u00ed com un dels primers grups de persones amb discapacitat va  comen\u00e7ar a participar en el nostre espai, assistint al taller monogr\u00e0fic  \u201cCreaci\u00f3 de calendaris\u201d, on varen comen\u00e7ar a treballar amb les <acronym title=\"Tecnologies de la informaci\u00f3 i la comunicaci\u00f3\" lang=\"ca\">TIC<\/acronym>. Recordo que vaig haver de treballar for\u00e7a per adaptar les explicacions, les fitxes, les imatges, <abbr title=\"etc\u00e8tera\" lang=\"ca\">etc.<\/abbr> perqu\u00e8 els alumnes poguessin fer l\u2019activitat de manera aut\u00f2noma. Tots  ells estaven molt il\u00b7lusionats perqu\u00e8, per a molts, era la primera  vegada que agafaven un ratol\u00ed o escrivien amb un teclat.<\/p>\n<p>Tot era q\u00fcesti\u00f3 d&#8217;organitzaci\u00f3: primer dibuixava a la pissarra les  caselles d&#8217;Excel on havien de treballar, els deixava escrit l&#8217;alineaci\u00f3 i  la mida de la font, i ells escollien el tipus de lletra i el color.  V\u00e0rem comen\u00e7ar a fer els mesos dels calendaris i, un cop fet aquest  primer pas, v\u00e0rem inserir les imatges que els havia guardat pr\u00e8viament  en una carpeta. Moltes d\u2019aquestes, les v\u00e0rem haver de digitalitzar, ja  que molts encara no tenien c\u00e0mera digital&#8230; quina feinada! Ara, despr\u00e9s  de vuit anys i amb tot el material adaptat, la feina \u00e9s una mica m\u00e9s  relaxada. La majoria dels alumnes han apr\u00e8s molt i puc dedicar-me als  que en saben una mica menys.<\/p>\n<p>Cap a finals d&#8217;octubre, comencem a elaborar els calendaris per  tenir-los enllestits, a tot estirar, la primera setmana de desembre i  aprofitar els dies de Nadal per regalar-los a les seves fam\u00edlies o al  seu amic invisible.<\/p>\n<p>La feina ben feta, no t\u00e9 fronteres!<\/p>\n<p><a href=\"http:\/\/xarxaomnia.gencat.cat\/blocs\/laseu\/files\/2011\/10\/exemple_calendari_seuurgell.jpg\"><img loading=\"lazy\" decoding=\"async\" class=\"aligncenter size-thumbnail wp-image-649\" title=\"exemple_calendari_seuurgell\" src=\"http:\/\/xarxaomnia.gencat.cat\/blocs\/laseu\/files\/2011\/10\/exemple_calendari_seuurgell-150x150.jpg\" alt=\"\" width=\"150\" height=\"150\" \/><\/a><\/p>\n<p><img decoding=\"async\" src=\"file:\/\/\/C:\/DOCUME%7E1\/alumne\/CONFIG%7E1\/Temp\/moz-screenshot-6.png\" alt=\"\" \/><\/p>\n<p><img decoding=\"async\" src=\"file:\/\/\/C:\/DOCUME%7E1\/alumne\/CONFIG%7E1\/Temp\/moz-screenshot-5.png\" alt=\"\" \/><\/p>\n","protected":false},"excerpt":{"rendered":"<p>En aquest article us parlar\u00e9 d&#8217;una de les activitats amb m\u00e9s \u00e8xit del nostre espai: l\u2019elaboraci\u00f3 de calendaris. Fer calendaris \u00e9s una activitat molt coneguda pels participants dels tallers d&#8217;\u00d2mnia amb discapacitat o sense. \u00c9s molt divertit fer-los, perqu\u00e8 pots elaborar el teu calendari amb les teves imatges i les dates de les festes anyals [&hellip;]<\/p>\n","protected":false},"author":92,"featured_media":0,"comment_status":"open","ping_status":"open","sticky":false,"template":"","format":"standard","meta":{"ngg_post_thumbnail":0,"footnotes":""},"categories":[884,1,1033],"tags":[116,331,234,41],"class_list":["post-648","post","type-post","status-publish","format-standard","hentry","category-article","category-general","category-prova-pilot-daccessibilitat","tag-accessibilitat","tag-discapacitat","tag-formacio","tag-omnia"],"_links":{"self":[{"href":"https:\/\/bloc.xarxa-omnia.org\/laseu\/wp-json\/wp\/v2\/posts\/648","targetHints":{"allow":["GET"]}}],"collection":[{"href":"https:\/\/bloc.xarxa-omnia.org\/laseu\/wp-json\/wp\/v2\/posts"}],"about":[{"href":"https:\/\/bloc.xarxa-omnia.org\/laseu\/wp-json\/wp\/v2\/types\/post"}],"author":[{"embeddable":true,"href":"https:\/\/bloc.xarxa-omnia.org\/laseu\/wp-json\/wp\/v2\/users\/92"}],"replies":[{"embeddable":true,"href":"https:\/\/bloc.xarxa-omnia.org\/laseu\/wp-json\/wp\/v2\/comments?post=648"}],"version-history":[{"count":3,"href":"https:\/\/bloc.xarxa-omnia.org\/laseu\/wp-json\/wp\/v2\/posts\/648\/revisions"}],"predecessor-version":[{"id":686,"href":"https:\/\/bloc.xarxa-omnia.org\/laseu\/wp-json\/wp\/v2\/posts\/648\/revisions\/686"}],"wp:attachment":[{"href":"https:\/\/bloc.xarxa-omnia.org\/laseu\/wp-json\/wp\/v2\/media?parent=648"}],"wp:term":[{"taxonomy":"category","embeddable":true,"href":"https:\/\/bloc.xarxa-omnia.org\/laseu\/wp-json\/wp\/v2\/categories?post=648"},{"taxonomy":"post_tag","embeddable":true,"href":"https:\/\/bloc.xarxa-omnia.org\/laseu\/wp-json\/wp\/v2\/tags?post=648"}],"curies":[{"name":"wp","href":"https:\/\/api.w.org\/{rel}","templated":true}]}}