{"id":664,"date":"2011-11-02T20:31:35","date_gmt":"2011-11-02T19:31:35","guid":{"rendered":"http:\/\/blog.xarxa-omnia.org\/laseu\/?p=664"},"modified":"2011-12-02T11:38:06","modified_gmt":"2011-12-02T10:38:06","slug":"i-els-professionals-que-diuen","status":"publish","type":"post","link":"https:\/\/bloc.xarxa-omnia.org\/laseu\/2011\/11\/02\/i-els-professionals-que-diuen\/","title":{"rendered":"I els professionals, qu\u00e8 diuen?"},"content":{"rendered":"<p>S\u00f3n molts els t\u00e8cnics que treballen cada dia de valent i s\u2019hi deixen la pell perqu\u00e8 tothom tingui les mateixes oportunitats. L\u2019<a title=\"Dades de l'\u00d2mnia del Centre C\u00edvic l'Escorxador\" lang=\"ca\" href=\"http:\/\/xarxa-omnia.org\/node\/345\">\u00d2mnia de la Seu<\/a> est\u00e0 sovint en contacte amb aquests grans professionals a l\u2019hora de treballar amb persones amb discapacitat. Us en presentem tres: la Fina Moreno (del Taller Claror), l\u2019Imma Soldevila i l\u2019Alba Escavias (terapeutes ocupacionals del Centre de Dia de Salut Mental).<\/p>\n<p>L\u2019<a title=\"Dades de l'\u00d2mnia del Centre C\u00edvic l'Escorxador\" lang=\"ca\" href=\"http:\/\/xarxa-omnia.org\/node\/345\">\u00d2mnia<\/a> ha trobat interessant reflectir les seves opinions sobre la discapacitat, per aix\u00f2 els v\u00e0rem plantejar un seguit de preguntes, concretament tres de contingut m\u00e9s general, ja que les tres professionals pertanyen a col\u00b7lectius diferents: discapacitat intel\u00b7lectual, f\u00edsica i mental. Les preguntes s\u00f3n:<\/p>\n<ol>\n<li><strong><strong><strong>Com definiries la paraula discapacitat?<\/strong><\/strong><\/strong><\/li>\n<li><strong><strong>La discapacitat al 2011.<\/strong><\/strong><\/li>\n<li><strong><strong>Com ha canviat o pot canviar el treball de les persones amb discapacitat amb material tecnol\u00f2gic adaptat com el que hi ha a \u00d2mnia?<\/strong><\/strong><\/li>\n<\/ol>\n<h3>Respostes de les professionals:<\/h3>\n<p><strong>Imma Soldevila i Alba Escavias:<\/strong> <strong>\u201c<\/strong><em><em>La discapacitat \u00e9s una afectaci\u00f3 d\u2019alguna de les capacitats que t\u00e9 una persona, per\u00f2 li permet desenvolupar altres potencialitats. Treballem, per tant, aquestes potencialitats a trav\u00e9s de la inform\u00e0tica, una eina molt utilitzada en la societat actual.\u201d<\/em><\/em><\/p>\n<p><strong>Fina Moreno: \u201c<\/strong><em><em>La paraula <\/em>discapacitat <\/em><em><em>fa refer\u00e8ncia a la manca, la limitaci\u00f3 o l\u2019alteraci\u00f3 de les capacitats necess\u00e0ries per desenvolupar una activitat dins dels par\u00e0metres considerats \u00a0\u2018normals\u2019. La persona amb discapacitat intel\u00b7lectual, com totes les persones, t\u00e9 compet\u00e8ncies i limitacions, i aquestes \u00faltimes limiten el seu funcionament o la interacci\u00f3 amb el medi social i cultural.<\/em><\/em><\/p>\n<p><em><em>L\u2019any 1992, AAMR en va donar una definici\u00f3: \u2018La discapacitat intel\u00b7lectual es refereix a limitacions substancials en el funcionament actual. Es caracteritza per un funcionament intel\u00b7lectual significativament inferior a la mitjana, que coexisteix al costat de limitacions en dues o m\u00e9s \u00e0rees d\u2019habilitats d\u2019adaptaci\u00f3: comunicacions, cura personal, vida a la llar, habilitats socials, \u00fas de la comunitat, autodirecci\u00f3, salut i seguretat, coneixements escolars funcionals, oci i treball. La discapacitat intel\u00b7lectual s\u2019ha de manifestar abans dels 18 anys.\u2019<\/em><\/em><\/p>\n<p><em><em>Aquesta definici\u00f3 considera que les limitacions adaptatives espec\u00edfiques sovint coexisteixen amb punts forts o <\/em><\/em><strong><strong>compet\u00e8ncies<\/strong><\/strong><em><em> d\u2019altres <\/em><\/em><strong><strong>habilitats adaptatives<\/strong><\/strong><strong><strong>,<\/strong><\/strong><em><em>i que les limitacions depenen de l\u2019edat de la persona i, per tant, aix\u00f2 s\u2019ha de tenir en compte a l\u2019hora de dissenyar els <\/em><\/em><strong><strong>suports<\/strong><\/strong><em><em><strong>necessaris<\/strong> per millorar el funcionament vital de la persona amb discapacitat intel\u00b7lectual.<\/em><\/em><\/p>\n<p><em><em>Hem parlat d\u2019habilitats, capacitats, limitacions i de <\/em><\/em><strong><strong>suports <\/strong><\/strong><em><em>per contrarestar aquesta manca, limitaci\u00f3 o alteraci\u00f3 de les capacitats necess\u00e0ries per desenvolupar qualsevol activitat de la vida quotidiana. Dins d\u2019aquest context, hi ha el material tecnol\u00f2gic adaptat de l\u2019Omnia, que permet a la persona amb discapacitat el coneixement i l\u2019\u00fas dels sistemes inform\u00e0tics i, alhora, li proporciona una eina d\u2019aprenentatge que l\u2019ajuda a desenvolupar les seves capacitats cognitives.<\/em><\/em><\/p>\n<p><em><em>D\u2019altra banda, l\u2019\u00fas de les noves tecnologies incrementa l\u2019autoestima de la persona amb discapacitat, augmenta la seva capacitat de comunicaci\u00f3 amb el seu entorn. Per tant, \u00e9s evident que les noves tecnologies i els suports amb el material tecnol\u00f2gic adaptat obren una finestra d\u2019integraci\u00f3 i inclusi\u00f3 social, i un ventall de possibilitats d\u2019aprenentatge que afavoreix i millora considerablement l\u2019adaptaci\u00f3, el funcionament i la vida de les persones amb discapacitat intel\u00b7lectual.\u201d<\/em><\/em><\/p>\n<p>En aquest article, hi han col\u00b7laborat la Fina Moreno, l\u2019Imma Soldevila i l\u2019Alba Escavias. A totes, gr\u00e0cies per la vostra col\u00b7laboraci\u00f3 i el vostre treball!<\/p>\n<p><a href=\"http:\/\/xarxaomnia.gencat.cat\/blocs\/laseu\/files\/2011\/11\/team.jpg\"><img loading=\"lazy\" decoding=\"async\" class=\"aligncenter size-thumbnail wp-image-665\" title=\"team\" src=\"http:\/\/xarxaomnia.gencat.cat\/blocs\/laseu\/files\/2011\/11\/team-150x150.jpg\" alt=\"\" width=\"150\" height=\"150\" \/><\/a><\/p>\n","protected":false},"excerpt":{"rendered":"<p>S\u00f3n molts els t\u00e8cnics que treballen cada dia de valent i s\u2019hi deixen la pell perqu\u00e8 tothom tingui les mateixes oportunitats. L\u2019\u00d2mnia de la Seu est\u00e0 sovint en contacte amb aquests grans professionals a l\u2019hora de treballar amb persones amb discapacitat. Us en presentem tres: la Fina Moreno (del Taller Claror), l\u2019Imma Soldevila i l\u2019Alba [&hellip;]<\/p>\n","protected":false},"author":92,"featured_media":0,"comment_status":"open","ping_status":"open","sticky":false,"template":"","format":"standard","meta":{"ngg_post_thumbnail":0,"footnotes":""},"categories":[884,1,1033],"tags":[116,331,234,41],"class_list":["post-664","post","type-post","status-publish","format-standard","hentry","category-article","category-general","category-prova-pilot-daccessibilitat","tag-accessibilitat","tag-discapacitat","tag-formacio","tag-omnia"],"_links":{"self":[{"href":"https:\/\/bloc.xarxa-omnia.org\/laseu\/wp-json\/wp\/v2\/posts\/664","targetHints":{"allow":["GET"]}}],"collection":[{"href":"https:\/\/bloc.xarxa-omnia.org\/laseu\/wp-json\/wp\/v2\/posts"}],"about":[{"href":"https:\/\/bloc.xarxa-omnia.org\/laseu\/wp-json\/wp\/v2\/types\/post"}],"author":[{"embeddable":true,"href":"https:\/\/bloc.xarxa-omnia.org\/laseu\/wp-json\/wp\/v2\/users\/92"}],"replies":[{"embeddable":true,"href":"https:\/\/bloc.xarxa-omnia.org\/laseu\/wp-json\/wp\/v2\/comments?post=664"}],"version-history":[{"count":3,"href":"https:\/\/bloc.xarxa-omnia.org\/laseu\/wp-json\/wp\/v2\/posts\/664\/revisions"}],"predecessor-version":[{"id":685,"href":"https:\/\/bloc.xarxa-omnia.org\/laseu\/wp-json\/wp\/v2\/posts\/664\/revisions\/685"}],"wp:attachment":[{"href":"https:\/\/bloc.xarxa-omnia.org\/laseu\/wp-json\/wp\/v2\/media?parent=664"}],"wp:term":[{"taxonomy":"category","embeddable":true,"href":"https:\/\/bloc.xarxa-omnia.org\/laseu\/wp-json\/wp\/v2\/categories?post=664"},{"taxonomy":"post_tag","embeddable":true,"href":"https:\/\/bloc.xarxa-omnia.org\/laseu\/wp-json\/wp\/v2\/tags?post=664"}],"curies":[{"name":"wp","href":"https:\/\/api.w.org\/{rel}","templated":true}]}}