{"id":667,"date":"2011-11-24T08:55:16","date_gmt":"2011-11-24T07:55:16","guid":{"rendered":"http:\/\/blog.xarxa-omnia.org\/laseu\/?p=667"},"modified":"2011-11-24T08:55:16","modified_gmt":"2011-11-24T07:55:16","slug":"ester-collado-i-luisa-miralles-seleccionades-a-les-100-millors-dinamitzadores-de-telecentres","status":"publish","type":"post","link":"https:\/\/bloc.xarxa-omnia.org\/laseu\/2011\/11\/24\/ester-collado-i-luisa-miralles-seleccionades-a-les-100-millors-dinamitzadores-de-telecentres\/","title":{"rendered":"Ester Collado i Luisa Miralles seleccionades a &#8220;les 100 millors dinamitzadores de telecentres&#8221;!"},"content":{"rendered":"<p>El dia 15 de novembre, es van publicar els noms de les candidates seleccionades per participar en el concurs de &#8220;<em>Les 100 millors dinamitzadores de telecentres<\/em>&#8221; de <a href=\"http:\/\/www.telecentre.org\/\">telecentre.org<\/a>.<br \/>\nDe la Xarxa \u00d2mnia, es van presentar dues candidatures: Ester Collado,  dinamitzadora del Punt \u00d2mnia del Centre C\u00edvic l&#8217;Escorxador a la Seu  d&#8217;Urgell, i Llu\u00efsa Miralles, dinamitzadora del Punt \u00d2mnia Casa Caritat  de Valls. Les dues han estat preseleccionades d&#8217;entre les candidates per  a aquests premis de reconeixement, concretament pel que fa a la part  europea.<br \/>\nI ara \u00e9s moment de donar suport a la Xarxa participant a la votaci\u00f3 p\u00fablica! Teniu temps de votar fins al<strong> 30 de novembre<\/strong>. Per votar, nom\u00e9s cal visitar el web de Telecentre europe i fer la selecci\u00f3 corresponent (<a href=\"http:\/\/telecentreeurope.ning.com\/profiles\/blogs\/vote-now-for-your-most-outs%20tanding-telecentre-woman-managers\">http:\/\/telecentreeurope.ning.com\/profiles\/blogs\/vote-now-for-your-most-outs<br \/>\ntanding-telecentre-woman-managers<\/a>).<\/p>\n<p>Segons la normativa del concurs no cal estar registrat a la comunitat  on es pot votar, consulteu-ne les bases a la p\u00e0gina web esmentada. Ha  arribat l&#8217;hora de votar!<\/p>\n<p>El dia 2 de desembre es publicaran les 100 millors dinamitzadores de  telecentres del m\u00f3n. Trobareu tota la informaci\u00f3 sobre aquest premi a: <a href=\"http:\/\/www.telecentre.org\/\">http:\/\/www.telecentre.org\/.<\/a><\/p>\n","protected":false},"excerpt":{"rendered":"<p>El dia 15 de novembre, es van publicar els noms de les candidates seleccionades per participar en el concurs de &#8220;Les 100 millors dinamitzadores de telecentres&#8221; de telecentre.org. De la Xarxa \u00d2mnia, es van presentar dues candidatures: Ester Collado, dinamitzadora del Punt \u00d2mnia del Centre C\u00edvic l&#8217;Escorxador a la Seu d&#8217;Urgell, i Llu\u00efsa Miralles, dinamitzadora [&hellip;]<\/p>\n","protected":false},"author":92,"featured_media":0,"comment_status":"open","ping_status":"open","sticky":false,"template":"","format":"standard","meta":{"ngg_post_thumbnail":0,"footnotes":""},"categories":[1],"tags":[],"class_list":["post-667","post","type-post","status-publish","format-standard","hentry","category-general"],"_links":{"self":[{"href":"https:\/\/bloc.xarxa-omnia.org\/laseu\/wp-json\/wp\/v2\/posts\/667","targetHints":{"allow":["GET"]}}],"collection":[{"href":"https:\/\/bloc.xarxa-omnia.org\/laseu\/wp-json\/wp\/v2\/posts"}],"about":[{"href":"https:\/\/bloc.xarxa-omnia.org\/laseu\/wp-json\/wp\/v2\/types\/post"}],"author":[{"embeddable":true,"href":"https:\/\/bloc.xarxa-omnia.org\/laseu\/wp-json\/wp\/v2\/users\/92"}],"replies":[{"embeddable":true,"href":"https:\/\/bloc.xarxa-omnia.org\/laseu\/wp-json\/wp\/v2\/comments?post=667"}],"version-history":[{"count":1,"href":"https:\/\/bloc.xarxa-omnia.org\/laseu\/wp-json\/wp\/v2\/posts\/667\/revisions"}],"predecessor-version":[{"id":668,"href":"https:\/\/bloc.xarxa-omnia.org\/laseu\/wp-json\/wp\/v2\/posts\/667\/revisions\/668"}],"wp:attachment":[{"href":"https:\/\/bloc.xarxa-omnia.org\/laseu\/wp-json\/wp\/v2\/media?parent=667"}],"wp:term":[{"taxonomy":"category","embeddable":true,"href":"https:\/\/bloc.xarxa-omnia.org\/laseu\/wp-json\/wp\/v2\/categories?post=667"},{"taxonomy":"post_tag","embeddable":true,"href":"https:\/\/bloc.xarxa-omnia.org\/laseu\/wp-json\/wp\/v2\/tags?post=667"}],"curies":[{"name":"wp","href":"https:\/\/api.w.org\/{rel}","templated":true}]}}