{"id":669,"date":"2011-12-01T17:42:05","date_gmt":"2011-12-01T16:42:05","guid":{"rendered":"http:\/\/blog.xarxa-omnia.org\/laseu\/?p=669"},"modified":"2011-12-02T11:37:41","modified_gmt":"2011-12-02T10:37:41","slug":"reflexions","status":"publish","type":"post","link":"https:\/\/bloc.xarxa-omnia.org\/laseu\/2011\/12\/01\/reflexions\/","title":{"rendered":"Reflexions&#8230;"},"content":{"rendered":"<p><!-- \t\t@page { margin: 2cm } \t\tP { margin-bottom: 0.21cm } --><span style=\"color: #000000;\"><span style=\"font-size: small;\"><span style=\"font-family: Times New Roman,serif;\">Diuen que el color verd \u00e9s el color de l&#8217;esperan\u00e7a&#8230;<br \/>\nDespr\u00e9s de 12 mesos m&#8217;adono que fer els articles d&#8217;accessibilitat ha estat una bona feina per diferents motius<\/span><span style=\"font-family: Times New Roman,serif;\">,<\/span><span style=\"font-family: Times New Roman,serif;\"> per\u00f2 sobretot per donar a con\u00e8ixer una mica m\u00e9s la DISCAPACITAT.<br \/>\nNo s\u00f3c cap experta en el tema, ja m&#8217;agradaria!, per\u00f2 despr\u00e9s de sis \/ set anys de treball amb aquests col\u00b7lectius, ara veig tot el que he apr\u00e8s<\/span><span style=\"font-family: Times New Roman,serif;\">, <\/span><span style=\"font-family: Times New Roman,serif;\">i el que \u00e9s millor, el que em queda per aprendre.<br \/>\nHe de dir que continuo pensant que la paraula discapacitat ja condiciona, aprofito el moment per reclamar una paraula que no sigui tan negati<\/span><span style=\"font-family: Times New Roman,serif;\">va i trobar-ne una de m\u00e9s positiva.<\/span><span style=\"font-family: Times New Roman,serif;\"><br \/>\nL&#8217;\u00d2mnia de la Seu va tenir la sort de rebre el material adaptat, pantalla, teclats, ratolins, etc. i gr\u00e0cies<\/span><span style=\"font-family: Times New Roman,serif;\"> a aquest material, el treball de tots els participants amb capacitats diferents ha estat un \u00e8xit, ara podem dir qu\u00e8 s\u00f3n persones m\u00e9s realitzades, estan m\u00e9s integrades, amb ganes de treballar, amb il\u00b7lusi\u00f3, extremament motivades, ara, moltes d&#8217;elles s\u00f3n capaces de venir de manera independent al nostre espai, i \u00e9s per una senzilla ra\u00f3: tenen les eines per treballar-hi<\/span><span style=\"font-family: Times New Roman,serif;\"> com qualsevol persona.<br \/>\nAquest esperit de superaci\u00f3 que tenen \u00e9s el que t&#8217;enganxa a fer m\u00e9s, a lluitar i a donar a con\u00e8ixer aqu<\/span><span style=\"font-family: Times New Roman,serif;\">esta realitat.<br \/>\nHem fet de tot, blocs, jocs, manejar el processador de textos, el correu electr\u00f2nic, fulls de c\u00e0lcul&#8230;, amb aquesta llista d&#8217;activitats haur\u00edem de fer-nos la pregunta de \u201cQu\u00e8 \u00e9s el que no poden fer?\u201d<br \/>\nPersones amb discapacitat intel\u00b7lectual, discapacitat f\u00edsica, persones amb malaltia mental&#8230; totes elles tenen entrada a \u00d2mnia, perqu\u00e8 no oblidem que el nostre espai \u00e9s un espai privilegiat on TOTHOM hi t\u00e9 dret.<br \/>\nTot i que a poc a poc anem fent passos cada vegada m\u00e9s ferms, ens queda molta feina per fer, animo a tots els dinamitzadors i responsables del projecte \u00d2mnia que hi treballin for\u00e7a per arribar a fer una societat m\u00e9s justa.<\/span><\/span><\/span><\/p>\n<p><span style=\"color: #000000;\">Aix\u00f2 no \u00e9s pas un comiat, anir\u00e9 penjant articles i activitats que cregui interessants per <span style=\"font-family: Times New Roman,serif;\">a <\/span><span style=\"font-family: Times New Roman,serif;\">tots vosaltres.<\/span><span style=\"font-family: Times New Roman,serif;\"><br \/>\nVull donar les gr\u00e0cies primer als participants, perqu\u00e8 sense ells seria impossible fer res! Segon: als t\u00e8cnics\/que i responsables del projecte que van pensar a dotar els punts \u00f2mnia amb material adaptat, aix\u00ed com a l&#8217;Oficina T\u00e8cnica Punt TIC, a l&#8217;Oficina de Dinamitzaci\u00f3<\/span><span style=\"font-family: Times New Roman,serif;\"> Comunit\u00e0ria (ODC) i<\/span><span style=\"font-family: Times New Roman,serif;\">,<\/span><span style=\"font-family: Times New Roman,serif;\"> com no<\/span><span style=\"font-family: Times New Roman,serif;\">,<\/span><span style=\"font-family: Times New Roman,serif;\"> a TOTS vosaltres, els DINAMITZADORS<\/span><span style=\"font-family: Times New Roman,serif;\">,<\/span><span style=\"font-family: Times New Roman,serif;\"> per aguantar els meus articles durant un any sencer i per la vostra bona feina&#8230;<\/span><span style=\"font-family: Times New Roman,serif;\"> <\/span><span style=\"font-family: Times New Roman,serif;\">ENDAVANT!<\/span><\/span><\/p>\n<p><img decoding=\"async\" src=\"file:\/\/\/C:\/DOCUME%7E1\/alumne\/CONFIG%7E1\/Temp\/moz-screenshot-7.png\" alt=\"\" \/><a href=\"http:\/\/xarxaomnia.gencat.cat\/blocs\/laseu\/files\/2011\/12\/imatge.jpg\"><img loading=\"lazy\" decoding=\"async\" class=\"aligncenter size-thumbnail wp-image-670\" title=\"imatge\" src=\"http:\/\/xarxaomnia.gencat.cat\/blocs\/laseu\/files\/2011\/12\/imatge-150x150.jpg\" alt=\"\" width=\"150\" height=\"150\" \/><\/a><\/p>\n<p>&#8220;Todo lo que no se da &#8230;, se pierde&#8221;<\/p>\n","protected":false},"excerpt":{"rendered":"<p>Diuen que el color verd \u00e9s el color de l&#8217;esperan\u00e7a&#8230; Despr\u00e9s de 12 mesos m&#8217;adono que fer els articles d&#8217;accessibilitat ha estat una bona feina per diferents motius, per\u00f2 sobretot per donar a con\u00e8ixer una mica m\u00e9s la DISCAPACITAT. No s\u00f3c cap experta en el tema, ja m&#8217;agradaria!, per\u00f2 despr\u00e9s de sis \/ set anys [&hellip;]<\/p>\n","protected":false},"author":92,"featured_media":0,"comment_status":"open","ping_status":"open","sticky":false,"template":"","format":"standard","meta":{"ngg_post_thumbnail":0,"footnotes":""},"categories":[884,1,1033],"tags":[116,331,234,41],"class_list":["post-669","post","type-post","status-publish","format-standard","hentry","category-article","category-general","category-prova-pilot-daccessibilitat","tag-accessibilitat","tag-discapacitat","tag-formacio","tag-omnia"],"_links":{"self":[{"href":"https:\/\/bloc.xarxa-omnia.org\/laseu\/wp-json\/wp\/v2\/posts\/669","targetHints":{"allow":["GET"]}}],"collection":[{"href":"https:\/\/bloc.xarxa-omnia.org\/laseu\/wp-json\/wp\/v2\/posts"}],"about":[{"href":"https:\/\/bloc.xarxa-omnia.org\/laseu\/wp-json\/wp\/v2\/types\/post"}],"author":[{"embeddable":true,"href":"https:\/\/bloc.xarxa-omnia.org\/laseu\/wp-json\/wp\/v2\/users\/92"}],"replies":[{"embeddable":true,"href":"https:\/\/bloc.xarxa-omnia.org\/laseu\/wp-json\/wp\/v2\/comments?post=669"}],"version-history":[{"count":6,"href":"https:\/\/bloc.xarxa-omnia.org\/laseu\/wp-json\/wp\/v2\/posts\/669\/revisions"}],"predecessor-version":[{"id":676,"href":"https:\/\/bloc.xarxa-omnia.org\/laseu\/wp-json\/wp\/v2\/posts\/669\/revisions\/676"}],"wp:attachment":[{"href":"https:\/\/bloc.xarxa-omnia.org\/laseu\/wp-json\/wp\/v2\/media?parent=669"}],"wp:term":[{"taxonomy":"category","embeddable":true,"href":"https:\/\/bloc.xarxa-omnia.org\/laseu\/wp-json\/wp\/v2\/categories?post=669"},{"taxonomy":"post_tag","embeddable":true,"href":"https:\/\/bloc.xarxa-omnia.org\/laseu\/wp-json\/wp\/v2\/tags?post=669"}],"curies":[{"name":"wp","href":"https:\/\/api.w.org\/{rel}","templated":true}]}}