{"id":701,"date":"2011-12-13T16:31:38","date_gmt":"2011-12-13T15:31:38","guid":{"rendered":"http:\/\/blog.xarxa-omnia.org\/laseu\/?p=701"},"modified":"2011-12-13T16:45:03","modified_gmt":"2011-12-13T15:45:03","slug":"un-orgull-pertanyer-a-la-xarxa-omnia-i-mil-gracies","status":"publish","type":"post","link":"https:\/\/bloc.xarxa-omnia.org\/laseu\/2011\/12\/13\/un-orgull-pertanyer-a-la-xarxa-omnia-i-mil-gracies\/","title":{"rendered":"Un orgull pert\u00e0nyer a la Xarxa \u00d2mnia&#8230;i mil gr\u00e0cies!!!"},"content":{"rendered":"<p>Ahir vaig saber la not\u00edcia&#8230;.Ester Collado guanyadora del premi per a dones que atorga la Fundaci\u00f3 Telecentre.org!!<\/p>\n<p>Un premi merescut per a tots i totes les dinamitzadores que fem que aquesta Xarxa \u00d2mnia sigui cada dia m\u00e9s gran, que la nostra gent\u00a0 tingui il\u00b7lusi\u00f3, estiguin motivats per aprendre, compartir&#8230;, valors que en aquest moments s\u00f3n molt dif\u00edcils de trobar, en canvi en els nostres espais tenim la sort de poder-los palpar.<\/p>\n<p>La Xarxa \u00d2mnia \u00e9s gran i molt diversa,\u00a0 a nivell general crec que l&#8217;administraci\u00f3 i els responsables del projecte han de creure en ella, amb els dinamitzadors, en el seu treball diari, en el seu coneixement del territori i de les necessitats dels usuaris d&#8217;\u00d2mnia.<\/p>\n<p>He tingut i tinc\u00a0 la sort que a l&#8217;\u00d2mnia de la Seu sempre ha estat un projecte valorat i refor\u00e7at per els meus caps. Espero que ara aquest &#8220;premi&#8221; ajudi a tenir i crear una xarxa m\u00e9s visible a tots els nivells.<\/p>\n<p>\u00c9s un projecte amb molta for\u00e7a, \u00e9s un projecte que mou molta gent, \u00e9s un projecte viu!!!<\/p>\n<p>Gr\u00e0cies a tots i totes per poder compartir tot el que m&#8217;est\u00e0 passant per\u00f2 recordeu que cadasc\u00fa de vosaltres t\u00e9 un trosset d&#8217;aquest premi.<\/p>\n<p>Salut!!<\/p>\n","protected":false},"excerpt":{"rendered":"<p>Ahir vaig saber la not\u00edcia&#8230;.Ester Collado guanyadora del premi per a dones que atorga la Fundaci\u00f3 Telecentre.org!! Un premi merescut per a tots i totes les dinamitzadores que fem que aquesta Xarxa \u00d2mnia sigui cada dia m\u00e9s gran, que la nostra gent\u00a0 tingui il\u00b7lusi\u00f3, estiguin motivats per aprendre, compartir&#8230;, valors que en aquest moments s\u00f3n [&hellip;]<\/p>\n","protected":false},"author":92,"featured_media":0,"comment_status":"open","ping_status":"open","sticky":false,"template":"","format":"standard","meta":{"ngg_post_thumbnail":0,"footnotes":""},"categories":[1],"tags":[],"class_list":["post-701","post","type-post","status-publish","format-standard","hentry","category-general"],"_links":{"self":[{"href":"https:\/\/bloc.xarxa-omnia.org\/laseu\/wp-json\/wp\/v2\/posts\/701","targetHints":{"allow":["GET"]}}],"collection":[{"href":"https:\/\/bloc.xarxa-omnia.org\/laseu\/wp-json\/wp\/v2\/posts"}],"about":[{"href":"https:\/\/bloc.xarxa-omnia.org\/laseu\/wp-json\/wp\/v2\/types\/post"}],"author":[{"embeddable":true,"href":"https:\/\/bloc.xarxa-omnia.org\/laseu\/wp-json\/wp\/v2\/users\/92"}],"replies":[{"embeddable":true,"href":"https:\/\/bloc.xarxa-omnia.org\/laseu\/wp-json\/wp\/v2\/comments?post=701"}],"version-history":[{"count":5,"href":"https:\/\/bloc.xarxa-omnia.org\/laseu\/wp-json\/wp\/v2\/posts\/701\/revisions"}],"predecessor-version":[{"id":703,"href":"https:\/\/bloc.xarxa-omnia.org\/laseu\/wp-json\/wp\/v2\/posts\/701\/revisions\/703"}],"wp:attachment":[{"href":"https:\/\/bloc.xarxa-omnia.org\/laseu\/wp-json\/wp\/v2\/media?parent=701"}],"wp:term":[{"taxonomy":"category","embeddable":true,"href":"https:\/\/bloc.xarxa-omnia.org\/laseu\/wp-json\/wp\/v2\/categories?post=701"},{"taxonomy":"post_tag","embeddable":true,"href":"https:\/\/bloc.xarxa-omnia.org\/laseu\/wp-json\/wp\/v2\/tags?post=701"}],"curies":[{"name":"wp","href":"https:\/\/api.w.org\/{rel}","templated":true}]}}