{"id":750,"date":"2012-01-13T09:28:38","date_gmt":"2012-01-13T08:28:38","guid":{"rendered":"http:\/\/blog.xarxa-omnia.org\/laseu\/?p=750"},"modified":"2012-01-13T09:30:53","modified_gmt":"2012-01-13T08:30:53","slug":"el-punt-omnia-organitza-una-xerrada-sobre-seguretat-a-internet-dirigida-a-usuaris-del-taller-claror","status":"publish","type":"post","link":"https:\/\/bloc.xarxa-omnia.org\/laseu\/2012\/01\/13\/el-punt-omnia-organitza-una-xerrada-sobre-seguretat-a-internet-dirigida-a-usuaris-del-taller-claror\/","title":{"rendered":"EL PUNT \u00d2MNIA ORGANITZA UNA XERRADA SOBRE SEGURETAT A INTERNET DIRIGIDA A USUARIS DEL TALLER CLAROR"},"content":{"rendered":"<p>Com ja sabeu fa temps que treballem amb col\u00b7lectius amb discapacitats diferents. Hem fet moltes activitats adaptades, per\u00f2 mai hav\u00edem fet una xerrada sobre seguretat a la xarxa amb persones amb discapacitat mental.<\/p>\n<p>Abans d&#8217;escrire m\u00e9s vull donar les gr\u00e0cies al C\u00e8sar Isla responsable del cos del Mossos d&#8217;Esquadra de portar a terme aquestes xerrades a la poblaci\u00f3 sobre tot m\u00e9s jove, i aquesta vegada tamb\u00e9 amb aquet tipus de col\u00b7lectiu.<\/p>\n<p>L&#8217;experiencia ha estat genial, ens hem adonat de que molts d&#8217;ells saben m\u00e9s del que nosaltres pensem i que per la majoria i dins de les seves possibilitats, ha estat una xerrada molt profitosa. Hem parlat de tot, la part &#8220;bona de la xarxa&#8221; i molt m\u00e9s de la part &#8220;negativa&#8221;, consells per nevegar segurs, seguretat a les xarxes socilas&#8230;.hem vist un parell de v\u00eddeos que han ajudat a assimilar i entendre millor el que s&#8217;ha parlat a la sessi\u00f3.<\/p>\n<p>Animo als dinamitzadors a no quedar-se &#8220;tancat&#8221; a fer aquest tipus d&#8217;activitats.<\/p>\n<p><span style=\"font-size: small;\">&#8220;El Punt \u00d2mnia de la Seu  d&#8217;Urgell, juntament amb el Cos dels Mossos d&#8217;Esquadra, han realitzat  aquesta setmana una xerrada sobre seguretat a Internet dirigida a  usuaris del Taller Claror. Aquesta activitat se suma a les diverses  accions que porta a terme el Punt \u00d2mnia de la nostra ciutat vers les  persones que tenen alguna discapacitat, amb l&#8217;objectiu d&#8217;integrar-les  tamb\u00e9 en el m\u00f3n de les noves tecnologies.<\/span><\/p>\n<p><span style=\"font-size: small;\">En aquest sentit, la Tinent d&#8217;alcalde d&#8217;Atenci\u00f3 a les Persones de l&#8217;Ajuntament de la Seu, <strong>Anna Vives<\/strong>, ha volgut destacar que <strong>\u201cel  Punt \u00d2mnia de la Seu desenvolupa una gran tasca en l\u2019\u00e0mbit de persones  amb algun tipus de discapacitat; fa temps que treballem amb el Taller  Claror, entre d\u2019altres col\u00b7lectius, i en aquesta ocasi\u00f3 hem cregut que  calia introduir-los en la problem\u00e0tica que pot suposar un risc per a  qualsevol usuari de la xarxa\u201d<\/strong>.<\/span><\/p>\n<p><span style=\"font-size: small;\">El contingut de la  xerrada sobre com usar les xarxes socials (Facebook) o el correu  electr\u00f2nic -entre d&#8217;altres eines de les TIC- amb total seguretat, s&#8217;ha  adequat a les necessitats de la vintena d&#8217;usuaris del Taller Claror que  hi han pres part. Aix\u00ed, els participants han rebut informaci\u00f3 de com  protegir les seves contrasenyes; de com evitar l&#8217;entrada de virus;  informaci\u00f3 sobre les desc\u00e0rregues de v\u00eddeos i m\u00fasica, i sobretot, de  l&#8217;\u00fas de la webcam.<\/span><\/p>\n<p><span style=\"font-size: small;\">Cal recordar que el Punt  \u00d2mnia de la Seu fou un dels dos punts \u00d2mnia de tot Catalunya premiats  amb una dotaci\u00f3 de material destinat a facilitar l\u2019accessibilitat de  persones amb discapacitat a l\u2019\u00fas de les Tecnologies de la Informaci\u00f3 i  de la Comunicaci\u00f3 (TIC).<\/span><\/p>\n<p><span style=\"font-size: small;\">Els teclats adaptats, la  pantalla t\u00e0ctil, etc. han facilitat que persones amb dificultats motrius  i de visi\u00f3 poguessin ser usu\u00e0ries de les noves tecnologies, comptant, a  m\u00e9s, amb la dinamitzaci\u00f3 de la persona que encap\u00e7ala el punt \u00d2mnia, <strong>Ester Collado<\/strong>, que com <strong>Vives<\/strong> ha recordat ha estat guardonada com una de les 100 millors dinamitzadores de telecentres a nivell mundial.&#8221;<\/span><\/p>\n<p><span style=\"font-size: small;\"><a href=\"http:\/\/xarxaomnia.gencat.cat\/blocs\/laseu\/files\/2012\/01\/3.jpg\"><img loading=\"lazy\" decoding=\"async\" class=\"aligncenter size-thumbnail wp-image-751\" title=\"3\" src=\"http:\/\/xarxaomnia.gencat.cat\/blocs\/laseu\/files\/2012\/01\/3-150x150.jpg\" alt=\"\" width=\"150\" height=\"150\" \/><\/a><br \/>\n<\/span><\/p>\n","protected":false},"excerpt":{"rendered":"<p>Com ja sabeu fa temps que treballem amb col\u00b7lectius amb discapacitats diferents. Hem fet moltes activitats adaptades, per\u00f2 mai hav\u00edem fet una xerrada sobre seguretat a la xarxa amb persones amb discapacitat mental. Abans d&#8217;escrire m\u00e9s vull donar les gr\u00e0cies al C\u00e8sar Isla responsable del cos del Mossos d&#8217;Esquadra de portar a terme aquestes xerrades [&hellip;]<\/p>\n","protected":false},"author":92,"featured_media":0,"comment_status":"open","ping_status":"open","sticky":false,"template":"","format":"standard","meta":{"ngg_post_thumbnail":0,"footnotes":""},"categories":[1,1033],"tags":[],"class_list":["post-750","post","type-post","status-publish","format-standard","hentry","category-general","category-prova-pilot-daccessibilitat"],"_links":{"self":[{"href":"https:\/\/bloc.xarxa-omnia.org\/laseu\/wp-json\/wp\/v2\/posts\/750","targetHints":{"allow":["GET"]}}],"collection":[{"href":"https:\/\/bloc.xarxa-omnia.org\/laseu\/wp-json\/wp\/v2\/posts"}],"about":[{"href":"https:\/\/bloc.xarxa-omnia.org\/laseu\/wp-json\/wp\/v2\/types\/post"}],"author":[{"embeddable":true,"href":"https:\/\/bloc.xarxa-omnia.org\/laseu\/wp-json\/wp\/v2\/users\/92"}],"replies":[{"embeddable":true,"href":"https:\/\/bloc.xarxa-omnia.org\/laseu\/wp-json\/wp\/v2\/comments?post=750"}],"version-history":[{"count":4,"href":"https:\/\/bloc.xarxa-omnia.org\/laseu\/wp-json\/wp\/v2\/posts\/750\/revisions"}],"predecessor-version":[{"id":755,"href":"https:\/\/bloc.xarxa-omnia.org\/laseu\/wp-json\/wp\/v2\/posts\/750\/revisions\/755"}],"wp:attachment":[{"href":"https:\/\/bloc.xarxa-omnia.org\/laseu\/wp-json\/wp\/v2\/media?parent=750"}],"wp:term":[{"taxonomy":"category","embeddable":true,"href":"https:\/\/bloc.xarxa-omnia.org\/laseu\/wp-json\/wp\/v2\/categories?post=750"},{"taxonomy":"post_tag","embeddable":true,"href":"https:\/\/bloc.xarxa-omnia.org\/laseu\/wp-json\/wp\/v2\/tags?post=750"}],"curies":[{"name":"wp","href":"https:\/\/api.w.org\/{rel}","templated":true}]}}