{"id":840,"date":"2012-04-26T08:21:51","date_gmt":"2012-04-26T07:21:51","guid":{"rendered":"http:\/\/blog.xarxa-omnia.org\/laseu\/?p=840"},"modified":"2012-04-26T08:30:13","modified_gmt":"2012-04-26T07:30:13","slug":"marato-per-la-pobresa","status":"publish","type":"post","link":"https:\/\/bloc.xarxa-omnia.org\/laseu\/2012\/04\/26\/marato-per-la-pobresa\/","title":{"rendered":"I la teva cadira? Participa! &#8211; Marat\u00f3 per la Pobresa"},"content":{"rendered":"<p><span style=\"color: #ff0000;\">&#8220;Davant l&#8217;evoluci\u00f3 de la crisi i com est\u00e0 afectant la nostra societat, TV3, Catalunya R\u00e0dio i La Fundaci\u00f3 La Marat\u00f3 de TV3 tiren endavant una acci\u00f3 excepcional: la Marat\u00f3 per la pobresa.&#8221;<\/span><\/p>\n<p><a href=\"http:\/\/www.tv3.cat\/maratopobresa\/el-programa\">http:\/\/www.tv3.cat\/maratopobresa\/el-programa<\/a><\/p>\n<p>Amb aquest frase marcada en vermell, comen\u00e7a l&#8217;explicaci\u00f3 d&#8217;aquest nou repte envers la pobresa. L&#8217;objectiu, conscienciar, conscienciar de que moltes persones, fam\u00edlies senceres, amics, ve\u00efnatge, persones molt properes&#8230;, estan passant per una situaci\u00f3 cr\u00edtica i que en aquest moments, ara, necessiten un cop de m\u00e0 per part de T@TS!<\/p>\n<p>Des  del nostre espai hem pensat amb una activitat oberta a participants  dels nostres tallers, entitats, col\u00b7lectius&#8230; i tamb\u00e9 a tots aquells\/es  simpatitzants del nostre espai  que estan a facebook, skipe&#8230;., de fet des d&#8217;ahir ja he fet una crida de material via facebook,  per tant tots aquells que vulgueu participar nom\u00e9s heu d&#8217;enviar-me una  foto d&#8217;una cadira de casa vostra, una cadira buida, sense ning\u00fa!!, teniu temps fins dimecres de la setmana vinent, el nostre e-mail \u00e9s laseu@xarxa-omnia.org<\/p>\n<p>Hem pensat en fer un muntatge fotogr\u00e0fic i v\u00eddeo per tant tamb\u00e9 participaran de manera activa els usuaris dels tallers de retoc fotogr\u00e0fic i edici\u00f3 amb movie maker.<\/p>\n<p><span style=\"color: #ff0000;\"><span style=\"color: #000000;\">Gr\u00e0cies per endavant!!<\/span><\/span><\/p>\n<p><span style=\"color: #ff0000;\"><span style=\"color: #000000;\"><a href=\"http:\/\/xarxaomnia.gencat.cat\/blocs\/laseu\/files\/2012\/04\/20120329-cartell_marato.jpg\"><img loading=\"lazy\" decoding=\"async\" class=\"aligncenter size-thumbnail wp-image-841\" title=\"Cartell Marat\u00c3\u00b3 per la pobresa_Campanya\" src=\"http:\/\/xarxaomnia.gencat.cat\/blocs\/laseu\/files\/2012\/04\/20120329-cartell_marato-150x150.jpg\" alt=\"\" width=\"150\" height=\"150\" \/><\/a><br \/>\n<\/span><\/span><\/p>\n","protected":false},"excerpt":{"rendered":"<p>&#8220;Davant l&#8217;evoluci\u00f3 de la crisi i com est\u00e0 afectant la nostra societat, TV3, Catalunya R\u00e0dio i La Fundaci\u00f3 La Marat\u00f3 de TV3 tiren endavant una acci\u00f3 excepcional: la Marat\u00f3 per la pobresa.&#8221; http:\/\/www.tv3.cat\/maratopobresa\/el-programa Amb aquest frase marcada en vermell, comen\u00e7a l&#8217;explicaci\u00f3 d&#8217;aquest nou repte envers la pobresa. L&#8217;objectiu, conscienciar, conscienciar de que moltes persones, fam\u00edlies [&hellip;]<\/p>\n","protected":false},"author":92,"featured_media":0,"comment_status":"open","ping_status":"open","sticky":false,"template":"","format":"standard","meta":{"ngg_post_thumbnail":0,"footnotes":""},"categories":[1],"tags":[],"class_list":["post-840","post","type-post","status-publish","format-standard","hentry","category-general"],"_links":{"self":[{"href":"https:\/\/bloc.xarxa-omnia.org\/laseu\/wp-json\/wp\/v2\/posts\/840","targetHints":{"allow":["GET"]}}],"collection":[{"href":"https:\/\/bloc.xarxa-omnia.org\/laseu\/wp-json\/wp\/v2\/posts"}],"about":[{"href":"https:\/\/bloc.xarxa-omnia.org\/laseu\/wp-json\/wp\/v2\/types\/post"}],"author":[{"embeddable":true,"href":"https:\/\/bloc.xarxa-omnia.org\/laseu\/wp-json\/wp\/v2\/users\/92"}],"replies":[{"embeddable":true,"href":"https:\/\/bloc.xarxa-omnia.org\/laseu\/wp-json\/wp\/v2\/comments?post=840"}],"version-history":[{"count":3,"href":"https:\/\/bloc.xarxa-omnia.org\/laseu\/wp-json\/wp\/v2\/posts\/840\/revisions"}],"predecessor-version":[{"id":843,"href":"https:\/\/bloc.xarxa-omnia.org\/laseu\/wp-json\/wp\/v2\/posts\/840\/revisions\/843"}],"wp:attachment":[{"href":"https:\/\/bloc.xarxa-omnia.org\/laseu\/wp-json\/wp\/v2\/media?parent=840"}],"wp:term":[{"taxonomy":"category","embeddable":true,"href":"https:\/\/bloc.xarxa-omnia.org\/laseu\/wp-json\/wp\/v2\/categories?post=840"},{"taxonomy":"post_tag","embeddable":true,"href":"https:\/\/bloc.xarxa-omnia.org\/laseu\/wp-json\/wp\/v2\/tags?post=840"}],"curies":[{"name":"wp","href":"https:\/\/api.w.org\/{rel}","templated":true}]}}