{"id":944,"date":"2012-11-22T08:33:57","date_gmt":"2012-11-22T07:33:57","guid":{"rendered":"http:\/\/blog.xarxa-omnia.org\/laseu\/?p=944"},"modified":"2012-11-22T08:34:18","modified_gmt":"2012-11-22T07:34:18","slug":"sessions-virtuals-d%e2%80%99acollida-a-la-seu-d%e2%80%99urgell","status":"publish","type":"post","link":"https:\/\/bloc.xarxa-omnia.org\/laseu\/2012\/11\/22\/sessions-virtuals-d%e2%80%99acollida-a-la-seu-d%e2%80%99urgell\/","title":{"rendered":"SESSI\u00d3 VIRTUAL D\u2019ACOLLIDA A LA SEU D\u2019URGELL"},"content":{"rendered":"<p>Com cada any des del Pla Comarcal d&#8217;Immigraci\u00f3 amb col\u00b7laboraci\u00f3 del Punt \u00d2mnia tornem a fer la &#8220;Sessi\u00f3 Virtual d&#8217;Acollida&#8221; a persones nouvingudes.<br \/>\nSessi\u00f3 adre\u00e7ada a les persones que viuen a La Seu d&#8217;Urgell, principalment nouvingudes, aquelles que fa temps que hi resideixen i totes les interessades en el contingut de la jornada.<br \/>\nAquest any hem pensat en fer una xerrada per ubicar  a la persona a l&#8217;entorn i aix\u00ed con\u00e8ixer els edificis oficials o p\u00fablics, els Ceips, Ies, Hospital,els carrers, &#8230;etc i despr\u00e9s fer la practica a \u00d2mnia sobre com fer gestions telem\u00e0tiques amb la web de l&#8217;ajuntament de la Seu i con\u00e8ixer els diferents recursos que tenim a la ciutat i comarca.<br \/>\nLes inscripcions les podeu fer a partir de dem\u00e0 divendres 23 al dijous 29 de novembre a l&#8217;Oac (Oficina d&#8217;Atenci\u00f3 al Ciutad\u00e0)<br \/>\n<a href=\"http:\/\/xarxaomnia.gencat.cat\/blocs\/laseu\/files\/2012\/11\/Cartell.jpg\"><img loading=\"lazy\" decoding=\"async\" src=\"http:\/\/xarxaomnia.gencat.cat\/blocs\/laseu\/files\/2012\/11\/Cartell-150x150.jpg\" alt=\"\" title=\"Cartell\" width=\"150\" height=\"150\" class=\"alignleft size-thumbnail wp-image-945\" \/><\/a><\/p>\n","protected":false},"excerpt":{"rendered":"<p>Com cada any des del Pla Comarcal d&#8217;Immigraci\u00f3 amb col\u00b7laboraci\u00f3 del Punt \u00d2mnia tornem a fer la &#8220;Sessi\u00f3 Virtual d&#8217;Acollida&#8221; a persones nouvingudes. Sessi\u00f3 adre\u00e7ada a les persones que viuen a La Seu d&#8217;Urgell, principalment nouvingudes, aquelles que fa temps que hi resideixen i totes les interessades en el contingut de la jornada. Aquest any [&hellip;]<\/p>\n","protected":false},"author":92,"featured_media":0,"comment_status":"open","ping_status":"open","sticky":false,"template":"","format":"standard","meta":{"ngg_post_thumbnail":0,"footnotes":""},"categories":[1],"tags":[],"class_list":["post-944","post","type-post","status-publish","format-standard","hentry","category-general"],"_links":{"self":[{"href":"https:\/\/bloc.xarxa-omnia.org\/laseu\/wp-json\/wp\/v2\/posts\/944","targetHints":{"allow":["GET"]}}],"collection":[{"href":"https:\/\/bloc.xarxa-omnia.org\/laseu\/wp-json\/wp\/v2\/posts"}],"about":[{"href":"https:\/\/bloc.xarxa-omnia.org\/laseu\/wp-json\/wp\/v2\/types\/post"}],"author":[{"embeddable":true,"href":"https:\/\/bloc.xarxa-omnia.org\/laseu\/wp-json\/wp\/v2\/users\/92"}],"replies":[{"embeddable":true,"href":"https:\/\/bloc.xarxa-omnia.org\/laseu\/wp-json\/wp\/v2\/comments?post=944"}],"version-history":[{"count":2,"href":"https:\/\/bloc.xarxa-omnia.org\/laseu\/wp-json\/wp\/v2\/posts\/944\/revisions"}],"predecessor-version":[{"id":947,"href":"https:\/\/bloc.xarxa-omnia.org\/laseu\/wp-json\/wp\/v2\/posts\/944\/revisions\/947"}],"wp:attachment":[{"href":"https:\/\/bloc.xarxa-omnia.org\/laseu\/wp-json\/wp\/v2\/media?parent=944"}],"wp:term":[{"taxonomy":"category","embeddable":true,"href":"https:\/\/bloc.xarxa-omnia.org\/laseu\/wp-json\/wp\/v2\/categories?post=944"},{"taxonomy":"post_tag","embeddable":true,"href":"https:\/\/bloc.xarxa-omnia.org\/laseu\/wp-json\/wp\/v2\/tags?post=944"}],"curies":[{"name":"wp","href":"https:\/\/api.w.org\/{rel}","templated":true}]}}