{"id":964,"date":"2012-12-27T12:09:47","date_gmt":"2012-12-27T11:09:47","guid":{"rendered":"http:\/\/blog.xarxa-omnia.org\/laseu\/?p=964"},"modified":"2013-01-03T10:52:03","modified_gmt":"2013-01-03T09:52:03","slug":"tallers-d%e2%80%99informatica-hivern-2013","status":"publish","type":"post","link":"https:\/\/bloc.xarxa-omnia.org\/laseu\/2012\/12\/27\/tallers-d%e2%80%99informatica-hivern-2013\/","title":{"rendered":"TALLERS D\u2019INFORM\u00c0TICA HIVERN 2013"},"content":{"rendered":"<p>Eip!! ja tenim aqu\u00ed la nova programaci\u00f3 per aquest trimestre que arriba.<\/p>\n<p><strong><span style=\"color: #ff0000;\">TALLERS PROGRAMATS<\/span><\/strong><\/p>\n<p>\u2022\tIniciaci\u00f3 a la Inform\u00e0tica i a les Tic: dilluns de 16 a 17.30h.<br \/>\n(pensat per a persones amb nivell 0)<\/p>\n<p>\u2022\tFulls de c\u00e0lcul amb LibreOffice: dimarts de 16 a 17h.<br \/>\n\u2022\tInternet amb Firefox: dimecres d\u201911 a 12h.<br \/>\n\u2022\t\u00c0lbums digitals (Hofmann): dimecres de 17 a 18h.<br \/>\n\u2022\tCorreu electr\u00f2nic: dijous de 10 a 11h.<br \/>\n\u2022\tN\u00favol- DropBox: dijous de 16 a 17h.<br \/>\n\u2022\tXarxes Socials: divendres d\u201911 a 12h.<\/p>\n<p><span style=\"color: #ff0000;\">DATES D\u2019INSCRIPCI\u00d3 En l\u00ednea<\/span><\/p>\n<p><strong>15 i 16 gener de 2013  a partir de les 9 del mat\u00ed<\/strong><\/p>\n<p>Punt de suport per formalitzar les inscripcions al mateix Punt \u00d2mnia.<\/p>\n<p><strong><span style=\"text-decoration: underline;\"> <\/span><\/strong><\/p>\n<p><strong><span style=\"text-decoration: underline;\">http:\/\/www.laseu.cat\/serveis\/oac<\/span><\/strong><\/p>\n<p><strong> <\/strong><\/p>\n<p><strong> <\/strong><\/p>\n<p><span style=\"color: #ff0000;\">DATES D\u2019INSCRIPCI\u00d3 Presencials<\/span><strong> <\/strong><\/p>\n<p><strong>18 i 22 gener de 2013  a l\u2019OAC<\/strong><\/p>\n<p>(Oficina d\u2019Atenci\u00f3 al Ciutad\u00e0 de l\u2019Ajuntament de la Seu d\u2019Urgell)<\/p>\n<p>Una inscripci\u00f3 per persona i curs.<\/p>\n<p><strong> <\/strong><\/p>\n<p><strong>Tots els tallers comencen<\/strong><\/p>\n<p><strong>la setmana del 28 de gener de 2013<\/strong><\/p>\n<p><strong><br \/>\n<\/strong><br \/>\n<a href=\"http:\/\/xarxaomnia.gencat.cat\/blocs\/laseu\/files\/2012\/12\/Gener-Mar\u00e7-20131.jpg\"><img loading=\"lazy\" decoding=\"async\" src=\"http:\/\/xarxaomnia.gencat.cat\/blocs\/laseu\/files\/2012\/12\/Gener-Mar\u00e7-20131-150x150.jpg\" alt=\"\" title=\"Gener-Mar\u00e7 2013\" width=\"150\" height=\"150\" class=\"alignleft size-thumbnail wp-image-968\" \/><\/a><\/p>\n","protected":false},"excerpt":{"rendered":"<p>Eip!! ja tenim aqu\u00ed la nova programaci\u00f3 per aquest trimestre que arriba. TALLERS PROGRAMATS \u2022 Iniciaci\u00f3 a la Inform\u00e0tica i a les Tic: dilluns de 16 a 17.30h. (pensat per a persones amb nivell 0) \u2022 Fulls de c\u00e0lcul amb LibreOffice: dimarts de 16 a 17h. \u2022 Internet amb Firefox: dimecres d\u201911 a 12h. \u2022 [&hellip;]<\/p>\n","protected":false},"author":92,"featured_media":0,"comment_status":"open","ping_status":"open","sticky":false,"template":"","format":"standard","meta":{"ngg_post_thumbnail":0,"footnotes":""},"categories":[1],"tags":[],"class_list":["post-964","post","type-post","status-publish","format-standard","hentry","category-general"],"_links":{"self":[{"href":"https:\/\/bloc.xarxa-omnia.org\/laseu\/wp-json\/wp\/v2\/posts\/964","targetHints":{"allow":["GET"]}}],"collection":[{"href":"https:\/\/bloc.xarxa-omnia.org\/laseu\/wp-json\/wp\/v2\/posts"}],"about":[{"href":"https:\/\/bloc.xarxa-omnia.org\/laseu\/wp-json\/wp\/v2\/types\/post"}],"author":[{"embeddable":true,"href":"https:\/\/bloc.xarxa-omnia.org\/laseu\/wp-json\/wp\/v2\/users\/92"}],"replies":[{"embeddable":true,"href":"https:\/\/bloc.xarxa-omnia.org\/laseu\/wp-json\/wp\/v2\/comments?post=964"}],"version-history":[{"count":5,"href":"https:\/\/bloc.xarxa-omnia.org\/laseu\/wp-json\/wp\/v2\/posts\/964\/revisions"}],"predecessor-version":[{"id":970,"href":"https:\/\/bloc.xarxa-omnia.org\/laseu\/wp-json\/wp\/v2\/posts\/964\/revisions\/970"}],"wp:attachment":[{"href":"https:\/\/bloc.xarxa-omnia.org\/laseu\/wp-json\/wp\/v2\/media?parent=964"}],"wp:term":[{"taxonomy":"category","embeddable":true,"href":"https:\/\/bloc.xarxa-omnia.org\/laseu\/wp-json\/wp\/v2\/categories?post=964"},{"taxonomy":"post_tag","embeddable":true,"href":"https:\/\/bloc.xarxa-omnia.org\/laseu\/wp-json\/wp\/v2\/tags?post=964"}],"curies":[{"name":"wp","href":"https:\/\/api.w.org\/{rel}","templated":true}]}}