{"id":98,"date":"2009-06-04T16:35:44","date_gmt":"2009-06-04T15:35:44","guid":{"rendered":"http:\/\/blog.xarxa-omnia.org\/laseu\/2009\/06\/04\/98\/"},"modified":"2009-06-04T16:36:23","modified_gmt":"2009-06-04T15:36:23","slug":"98","status":"publish","type":"post","link":"https:\/\/bloc.xarxa-omnia.org\/laseu\/2009\/06\/04\/98\/","title":{"rendered":"L&#8217;Anna i Cambotja"},"content":{"rendered":"<p>Vaig con\u00e8ixer a l\u2019Anna al poc temps de comen\u00e7ar a treballar a \u00d2mnia, al desembre del 2003, va comen\u00e7ar fent un curs d\u2019alfabetitzaci\u00f3 digital, i des de llavors sempre ha fet anar el recurs de l\u2019\u00d2mnia, quan esta per la Seu.<br \/>\nPer a mi, l\u2019Anna \u00e9s una noia amb inquietuds, sensible al que passa al seu voltant i al m\u00f3n, gens conformista, aventurera, amb ganes de con\u00e8ixer m\u00f3n i cultures diferents a la nostra&#8230;, \u00e9s potser per aquest esperit, que la seva vida a fet un gir de 360\u00ba; ha passat de treballar com a perruquera professional a Andorra a ser Consellera delegada de la Ong Infants del M\u00f3n, http:\/\/infantsdelmon.blogspot.com<br \/>\nTot va ser a partir d\u2019una s\u00e8rie de casualitats, i d\u2019un viatge que ella fa fer a la regi\u00f3, \u00e9s va oferir per fer un cop de m\u00e0, i all\u00e0 esta.<br \/>\nL\u2019Ong \u00e9s una organitzaci\u00f3 andorrana que t\u00e9 projectes a diferents llocs del m\u00f3n, entre ells Cambotja. Aqu\u00ed \u00e9s on l\u2019Anna treballa.<br \/>\nInfants del M\u00f3n funciona per apadrinament, socis i donatius i es responsabilitza dels nens i joves adolescents fins que acaben els estudis ( primaris, de batxillerat i universitaris) i entren al m\u00f3n laboral.<br \/>\nEn concret ella treballa en un poble que es diu Salachhes situat al districte de Preah Net Preah, provincia de Bantey Meancheay, la llengua \u00e9s el Khmer ( jemer).<br \/>\nLa seva feina es portar una Llar d\u2019Infants Orfes amb uns 70 nens i nenes amb tot lo que aix\u00f2 comporta: menjars, metges, paperassa administrativa&#8230;.i tota una feina di\u00e0ria impressionant per una persona que esta aprenent la llengua, a m\u00e9s,  al mateix centre fan classes de rep\u00e0s a uns 250 nens de tot el poble.<br \/>\nAra tamb\u00e9 comen\u00e7aran a treballar en projectes nous i en un futur immediat, volen fer:<\/p>\n<p>\u2022\tCursos d\u2019alfabetitzaci\u00f3 per adults<br \/>\n\u2022\tMini cr\u00e8dits per incentivar la ramaderia, comprant-los vaques, porcs i en l\u2019agricultura, que puguin plantar el seu propi arr\u00f2s.<\/p>\n<p>Quan l\u2019Anna torna per ser-hi un temps a la Seu sempre ens veiem a l\u2019\u00d2mnia, encara que quan ella esta a Salachhes estem en contacte a trav\u00e9s de messenger o de correu i aix\u00ed \u00d2mnia tamb\u00e9 esta una mica m\u00e9s a prop d\u2019ella i de Cambotja.<br \/>\nEl seu blog \u00e9s important per saber el treball que fan en una terra molt desconeguda per tots nosaltres<br \/>\nConec una frase molt maca que diu: \u201c Todo lo que no se da &#8230;, se pierde\u201d, crec que aquesta frase resumiria a l\u2019Anna.<br \/>\nFelicitats i \u00e0nims per continuar amb la feina que fas.<br \/>\n<img loading=\"lazy\" decoding=\"async\" src=\"http:\/\/xarxaomnia.gencat.cat\/blocs\/laseu\/files\/2009\/06\/camboya2-278x300.jpg\" alt=\"camboya2\" width=\"278\" height=\"300\" class=\"alignleft size-medium wp-image-97\" srcset=\"https:\/\/bloc.xarxa-omnia.org\/laseu\/files\/2009\/06\/camboya2-278x300.jpg 278w, https:\/\/bloc.xarxa-omnia.org\/laseu\/files\/2009\/06\/camboya2.jpg 330w\" sizes=\"auto, (max-width: 278px) 100vw, 278px\" \/><\/p>\n","protected":false},"excerpt":{"rendered":"<p>Vaig con\u00e8ixer a l\u2019Anna al poc temps de comen\u00e7ar a treballar a \u00d2mnia, al desembre del 2003, va comen\u00e7ar fent un curs d\u2019alfabetitzaci\u00f3 digital, i des de llavors sempre ha fet anar el recurs de l\u2019\u00d2mnia, quan esta per la Seu. Per a mi, l\u2019Anna \u00e9s una noia amb inquietuds, sensible al que passa al [&hellip;]<\/p>\n","protected":false},"author":92,"featured_media":0,"comment_status":"open","ping_status":"open","sticky":false,"template":"","format":"standard","meta":{"ngg_post_thumbnail":0,"footnotes":""},"categories":[374],"tags":[],"class_list":["post-98","post","type-post","status-publish","format-standard","hentry","category-personatges"],"_links":{"self":[{"href":"https:\/\/bloc.xarxa-omnia.org\/laseu\/wp-json\/wp\/v2\/posts\/98","targetHints":{"allow":["GET"]}}],"collection":[{"href":"https:\/\/bloc.xarxa-omnia.org\/laseu\/wp-json\/wp\/v2\/posts"}],"about":[{"href":"https:\/\/bloc.xarxa-omnia.org\/laseu\/wp-json\/wp\/v2\/types\/post"}],"author":[{"embeddable":true,"href":"https:\/\/bloc.xarxa-omnia.org\/laseu\/wp-json\/wp\/v2\/users\/92"}],"replies":[{"embeddable":true,"href":"https:\/\/bloc.xarxa-omnia.org\/laseu\/wp-json\/wp\/v2\/comments?post=98"}],"version-history":[{"count":1,"href":"https:\/\/bloc.xarxa-omnia.org\/laseu\/wp-json\/wp\/v2\/posts\/98\/revisions"}],"predecessor-version":[{"id":99,"href":"https:\/\/bloc.xarxa-omnia.org\/laseu\/wp-json\/wp\/v2\/posts\/98\/revisions\/99"}],"wp:attachment":[{"href":"https:\/\/bloc.xarxa-omnia.org\/laseu\/wp-json\/wp\/v2\/media?parent=98"}],"wp:term":[{"taxonomy":"category","embeddable":true,"href":"https:\/\/bloc.xarxa-omnia.org\/laseu\/wp-json\/wp\/v2\/categories?post=98"},{"taxonomy":"post_tag","embeddable":true,"href":"https:\/\/bloc.xarxa-omnia.org\/laseu\/wp-json\/wp\/v2\/tags?post=98"}],"curies":[{"name":"wp","href":"https:\/\/api.w.org\/{rel}","templated":true}]}}