{"id":1045,"date":"2014-11-12T10:14:11","date_gmt":"2014-11-12T10:14:11","guid":{"rendered":"http:\/\/omniaakwaba.wordpress.com\/?p=1045"},"modified":"2014-11-12T10:14:11","modified_gmt":"2014-11-12T10:14:11","slug":"1045","status":"publish","type":"post","link":"https:\/\/bloc.xarxa-omnia.org\/omniaakwaba\/2014\/11\/12\/1045\/","title":{"rendered":""},"content":{"rendered":"<p><a href=\"http:\/\/xarxaomnia.gencat.cat\/blocs\/omniaakwaba\/files\/2014\/11\/campanya-de-sensibilitzacic3b3-de-la-fundacic3b3-akwaba1.jpg\"><img loading=\"lazy\" decoding=\"async\" class=\"alignleft size-medium wp-image-1041\" src=\"http:\/\/xarxaomnia.gencat.cat\/blocs\/omniaakwaba\/files\/2014\/11\/campanya-de-sensibilitzacic3b3-de-la-fundacic3b3-akwaba1.jpg?w=212\" alt=\"campanya de sensibilitzaci\u00f3 de la fundaci\u00f3 akwaba\" width=\"212\" height=\"300\" srcset=\"https:\/\/bloc.xarxa-omnia.org\/omniaakwaba\/files\/2014\/11\/campanya-de-sensibilitzacic3b3-de-la-fundacic3b3-akwaba1.jpg 700w, https:\/\/bloc.xarxa-omnia.org\/omniaakwaba\/files\/2014\/11\/campanya-de-sensibilitzacic3b3-de-la-fundacic3b3-akwaba1-212x300.jpg 212w\" sizes=\"auto, (max-width: 212px) 100vw, 212px\" \/><\/a><\/p>\n<p>\u00c9s una campanya impulsada per la Fundaci\u00f3 Akwaba que t\u00e9 per finalitat generar una ciutadania activa respecte a la defensa dels drets humans i el desenvolupament hum\u00e0 i sostenible. Neix de la voluntat de donar resposta a l\u2019increment de les desigualtats a Catalunya i al m\u00f3n des del pilar de treball de l\u2019entitat: la formaci\u00f3.<\/p>\n<p align=\"justify\">El context actual marcat per la crisi econ\u00f2mica i de valors ha augmentat les desigualtats locals i mundials. Ja no hi ha un primer i un tercer m\u00f3n, un nord o un sud, sin\u00f3 que al nord tamb\u00e9 hi ha suds, processos d\u2019empobriment i exclusi\u00f3, i \u00e9s per aix\u00f2 que parlem de nord i sud globals. La crisi ha posat de manifest la necessitat de promoure m\u00e9s conscienciaci\u00f3 sobre: les causes de les desigualtats, l\u2019exercici de drets i deures, la coresponsabilitat dels actors i el treball comunitari i en xarxa.<\/p>\n<p align=\"justify\">El jovent \u00e9s el p\u00fablic clau perqu\u00e8 representa la societat del futur i si volem canviar els valors de la societat, els joves i els infants han de formar-se en el respecte, la defensa i promoci\u00f3 dels drets humans i en valors favorables a un desenvolupament hum\u00e0 sostenible. La campanya que plantegem motiva l\u2019intercanvi de coneixement entre infants i joves de 10 a 17 anys a Barcelona, L\u2019Hospitalet de Llobregat, Tarragona, Vilanova i la Geltr\u00fa. Pensem que aquests valors han de ser coneguts per tots els infants independentment de la classe social i, perqu\u00e8 la futura societat sigui cohesionada, cal potenciar l\u2019intercanvi entre iguals.<\/p>\n<p>Els infants i joves de les diferents escoles de l?hospitalet de Llobregat , barcelona i Tarragona, elaboraran una proposta de difusi\u00f3 dels fotorelats per sensibilitzar la ciutadania de la localitat o la comunitat educativa del centre educatiu. El professorat del centre ser\u00e0 qui dur\u00e0 el seguiment de la difusi\u00f3.<\/p>\n<p align=\"justify\">La Fundaci\u00f3 Akwaba tamb\u00e9 utilitzar\u00e0 les xarxes socials i publicacions per difondre l\u2019experi\u00e8ncia del projecte i els fotorelats <strong>per desfer les desigualtats!<\/strong><\/p>\n","protected":false},"excerpt":{"rendered":"<p>\u00c9s una campanya impulsada per la Fundaci\u00f3 Akwaba que t\u00e9 per finalitat generar una ciutadania activa respecte a la defensa dels drets humans i el desenvolupament hum\u00e0 i sostenible. Neix de la voluntat de donar resposta a l\u2019increment de les desigualtats a Catalunya i al m\u00f3n des del pilar de treball de l\u2019entitat: la formaci\u00f3. [&hellip;]<\/p>\n","protected":false},"author":1,"featured_media":0,"comment_status":"open","ping_status":"open","sticky":false,"template":"","format":"standard","meta":{"footnotes":""},"categories":[7961],"tags":[],"class_list":{"0":"post-1045","1":"post","2":"type-post","3":"status-publish","4":"format-standard","6":"category-fundacio-akwaba","7":"czr-hentry"},"_links":{"self":[{"href":"https:\/\/bloc.xarxa-omnia.org\/omniaakwaba\/wp-json\/wp\/v2\/posts\/1045","targetHints":{"allow":["GET"]}}],"collection":[{"href":"https:\/\/bloc.xarxa-omnia.org\/omniaakwaba\/wp-json\/wp\/v2\/posts"}],"about":[{"href":"https:\/\/bloc.xarxa-omnia.org\/omniaakwaba\/wp-json\/wp\/v2\/types\/post"}],"author":[{"embeddable":true,"href":"https:\/\/bloc.xarxa-omnia.org\/omniaakwaba\/wp-json\/wp\/v2\/users\/1"}],"replies":[{"embeddable":true,"href":"https:\/\/bloc.xarxa-omnia.org\/omniaakwaba\/wp-json\/wp\/v2\/comments?post=1045"}],"version-history":[{"count":0,"href":"https:\/\/bloc.xarxa-omnia.org\/omniaakwaba\/wp-json\/wp\/v2\/posts\/1045\/revisions"}],"wp:attachment":[{"href":"https:\/\/bloc.xarxa-omnia.org\/omniaakwaba\/wp-json\/wp\/v2\/media?parent=1045"}],"wp:term":[{"taxonomy":"category","embeddable":true,"href":"https:\/\/bloc.xarxa-omnia.org\/omniaakwaba\/wp-json\/wp\/v2\/categories?post=1045"},{"taxonomy":"post_tag","embeddable":true,"href":"https:\/\/bloc.xarxa-omnia.org\/omniaakwaba\/wp-json\/wp\/v2\/tags?post=1045"}],"curies":[{"name":"wp","href":"https:\/\/api.w.org\/{rel}","templated":true}]}}