{"id":1240,"date":"2015-07-21T11:53:02","date_gmt":"2015-07-21T11:53:02","guid":{"rendered":"https:\/\/omniaakwaba.wordpress.com\/?p=1169"},"modified":"2018-12-07T12:16:54","modified_gmt":"2018-12-07T10:16:54","slug":"ultimes-sessions-de-zumba-al-pati-de-la-fundacio-akwaba","status":"publish","type":"post","link":"https:\/\/bloc.xarxa-omnia.org\/omniaakwaba\/2015\/07\/21\/ultimes-sessions-de-zumba-al-pati-de-la-fundacio-akwaba\/","title":{"rendered":"\u00daltimes sessions de Zumba al Pati de la Fundaci\u00f3 Akwaba"},"content":{"rendered":"<p><a href=\"http:\/\/xarxaomnia.gencat.cat\/blocs\/omniaakwaba\/files\/2015\/07\/la-foto-1.jpg\"><img loading=\"lazy\" decoding=\"async\" class=\"alignnone size-medium wp-image-1170\" src=\"http:\/\/xarxaomnia.gencat.cat\/blocs\/omniaakwaba\/files\/2015\/07\/la-foto-1.jpg?w=300\" alt=\"la foto 1\" width=\"300\" height=\"225\" srcset=\"https:\/\/bloc.xarxa-omnia.org\/omniaakwaba\/files\/2015\/07\/la-foto-1.jpg 1280w, https:\/\/bloc.xarxa-omnia.org\/omniaakwaba\/files\/2015\/07\/la-foto-1-300x225.jpg 300w\" sizes=\"auto, (max-width: 300px) 100vw, 300px\" \/><\/a> <a href=\"http:\/\/xarxaomnia.gencat.cat\/blocs\/omniaakwaba\/files\/2015\/07\/la-foto-21.jpg\"><img loading=\"lazy\" decoding=\"async\" class=\"alignnone size-medium wp-image-1171\" src=\"http:\/\/xarxaomnia.gencat.cat\/blocs\/omniaakwaba\/files\/2015\/07\/la-foto-21.jpg?w=300\" alt=\"la foto 2\" width=\"300\" height=\"225\" srcset=\"https:\/\/bloc.xarxa-omnia.org\/omniaakwaba\/files\/2015\/07\/la-foto-21.jpg 1280w, https:\/\/bloc.xarxa-omnia.org\/omniaakwaba\/files\/2015\/07\/la-foto-21-300x225.jpg 300w\" sizes=\"auto, (max-width: 300px) 100vw, 300px\" \/><\/a> <a href=\"http:\/\/xarxaomnia.gencat.cat\/blocs\/omniaakwaba\/files\/2015\/07\/la-foto-31.jpg\"><img loading=\"lazy\" decoding=\"async\" class=\"alignnone size-medium wp-image-1172\" src=\"http:\/\/xarxaomnia.gencat.cat\/blocs\/omniaakwaba\/files\/2015\/07\/la-foto-31.jpg?w=300\" alt=\"la foto 3\" width=\"300\" height=\"225\" srcset=\"https:\/\/bloc.xarxa-omnia.org\/omniaakwaba\/files\/2015\/07\/la-foto-31.jpg 1280w, https:\/\/bloc.xarxa-omnia.org\/omniaakwaba\/files\/2015\/07\/la-foto-31-300x225.jpg 300w\" sizes=\"auto, (max-width: 300px) 100vw, 300px\" \/><\/a> <a href=\"http:\/\/xarxaomnia.gencat.cat\/blocs\/omniaakwaba\/files\/2015\/07\/la-foto-4.jpg\"><img loading=\"lazy\" decoding=\"async\" class=\"alignnone size-medium wp-image-1173\" src=\"http:\/\/xarxaomnia.gencat.cat\/blocs\/omniaakwaba\/files\/2015\/07\/la-foto-4.jpg?w=300\" alt=\"la foto 4\" width=\"300\" height=\"225\" srcset=\"https:\/\/bloc.xarxa-omnia.org\/omniaakwaba\/files\/2015\/07\/la-foto-4.jpg 1280w, https:\/\/bloc.xarxa-omnia.org\/omniaakwaba\/files\/2015\/07\/la-foto-4-300x225.jpg 300w\" sizes=\"auto, (max-width: 300px) 100vw, 300px\" \/><\/a> <a href=\"http:\/\/xarxaomnia.gencat.cat\/blocs\/omniaakwaba\/files\/2015\/07\/la-foto-5.jpg\"><img loading=\"lazy\" decoding=\"async\" class=\"alignnone size-medium wp-image-1174\" src=\"http:\/\/xarxaomnia.gencat.cat\/blocs\/omniaakwaba\/files\/2015\/07\/la-foto-5.jpg?w=300\" alt=\"la foto 5\" width=\"300\" height=\"225\" srcset=\"https:\/\/bloc.xarxa-omnia.org\/omniaakwaba\/files\/2015\/07\/la-foto-5.jpg 1280w, https:\/\/bloc.xarxa-omnia.org\/omniaakwaba\/files\/2015\/07\/la-foto-5-300x225.jpg 300w\" sizes=\"auto, (max-width: 300px) 100vw, 300px\" \/><\/a><\/p>\n<p>El Punt \u00d2mnia Akwaba termina les sessions de Zumba el dia 28 de Juliol, les persones que s&#8217;apropan a gaudir de l&#8217;acyivitat, volem continuar al setembre aix\u00ed doncs, tractarem de incorporar aquesta activitat al quadrimestre vinent, despr\u00e9s del estiu. La setmana que b\u00e9, farem una mostra oberta al barri per mostrar les coreografies que s&#8217;han preparat al taller.<\/p>\n","protected":false},"excerpt":{"rendered":"<p>El Punt \u00d2mnia Akwaba termina les sessions de Zumba el dia 28 de Juliol, les persones que s&#8217;apropan a gaudir de l&#8217;acyivitat, volem continuar al setembre aix\u00ed doncs, tractarem de incorporar aquesta activitat al quadrimestre vinent, despr\u00e9s del estiu. La setmana que b\u00e9, farem una mostra oberta al barri per mostrar les coreografies que s&#8217;han [&hellip;]<\/p>\n","protected":false},"author":1,"featured_media":1170,"comment_status":"open","ping_status":"open","sticky":false,"template":"","format":"standard","meta":{"footnotes":""},"categories":[7970],"tags":[],"class_list":{"0":"post-1240","1":"post","2":"type-post","3":"status-publish","4":"format-standard","5":"has-post-thumbnail","7":"category-zumba","8":"czr-hentry"},"_links":{"self":[{"href":"https:\/\/bloc.xarxa-omnia.org\/omniaakwaba\/wp-json\/wp\/v2\/posts\/1240","targetHints":{"allow":["GET"]}}],"collection":[{"href":"https:\/\/bloc.xarxa-omnia.org\/omniaakwaba\/wp-json\/wp\/v2\/posts"}],"about":[{"href":"https:\/\/bloc.xarxa-omnia.org\/omniaakwaba\/wp-json\/wp\/v2\/types\/post"}],"author":[{"embeddable":true,"href":"https:\/\/bloc.xarxa-omnia.org\/omniaakwaba\/wp-json\/wp\/v2\/users\/1"}],"replies":[{"embeddable":true,"href":"https:\/\/bloc.xarxa-omnia.org\/omniaakwaba\/wp-json\/wp\/v2\/comments?post=1240"}],"version-history":[{"count":1,"href":"https:\/\/bloc.xarxa-omnia.org\/omniaakwaba\/wp-json\/wp\/v2\/posts\/1240\/revisions"}],"predecessor-version":[{"id":1357,"href":"https:\/\/bloc.xarxa-omnia.org\/omniaakwaba\/wp-json\/wp\/v2\/posts\/1240\/revisions\/1357"}],"wp:featuredmedia":[{"embeddable":true,"href":"https:\/\/bloc.xarxa-omnia.org\/omniaakwaba\/wp-json\/wp\/v2\/media\/1170"}],"wp:attachment":[{"href":"https:\/\/bloc.xarxa-omnia.org\/omniaakwaba\/wp-json\/wp\/v2\/media?parent=1240"}],"wp:term":[{"taxonomy":"category","embeddable":true,"href":"https:\/\/bloc.xarxa-omnia.org\/omniaakwaba\/wp-json\/wp\/v2\/categories?post=1240"},{"taxonomy":"post_tag","embeddable":true,"href":"https:\/\/bloc.xarxa-omnia.org\/omniaakwaba\/wp-json\/wp\/v2\/tags?post=1240"}],"curies":[{"name":"wp","href":"https:\/\/api.w.org\/{rel}","templated":true}]}}