{"id":1705,"date":"2017-01-03T14:06:28","date_gmt":"2017-01-03T12:06:28","guid":{"rendered":"http:\/\/xarxaomnia.gencat.cat\/blocs\/omniaakwaba\/?p=1705"},"modified":"2017-05-31T09:45:44","modified_gmt":"2017-05-31T07:45:44","slug":"bon-any-2017_-ja-estem-aqui","status":"publish","type":"post","link":"https:\/\/bloc.xarxa-omnia.org\/omniaakwaba\/2017\/01\/03\/bon-any-2017_-ja-estem-aqui\/","title":{"rendered":"Bon any 2017_ Ja estem aqu\u00ed"},"content":{"rendered":"<div id=\"js_c\" class=\"_5pbx userContent\">\n<p>Us convidem a veure en imatges la Festa cloenda del Punt \u00d2mnia Akwaba que es va celebrar al Centre Cultural Collblanc-La Torrassa.<\/p>\n<p>Volem agra\u00efr molt especialment, les actuacions de Maria Sebastian, amb els seus poemes, la coral amb nadales, el taller de ball amb les coreografies i l&#8217;actuaci\u00f3 espont\u00e0nia de Amie i Daniela.<\/p>\n<p>El nostre agra\u00efment tamb\u00e9 a la Giulia i el Franco que van estar fent fotos i v\u00eddeo de la festa.<\/p>\n<p><a href=\"http:\/\/xarxaomnia.gencat.cat\/blocs\/omniaakwaba\/files\/2017\/01\/15590331_810454299096367_7476498450628699678_n.jpg\" rel=\"attachment wp-att-1706\"><img loading=\"lazy\" decoding=\"async\" class=\"alignnone size-thumbnail wp-image-1706\" src=\"http:\/\/xarxaomnia.gencat.cat\/blocs\/omniaakwaba\/files\/2017\/01\/15590331_810454299096367_7476498450628699678_n-150x150.jpg\" alt=\"15590331_810454299096367_7476498450628699678_n\" width=\"150\" height=\"150\" srcset=\"https:\/\/bloc.xarxa-omnia.org\/omniaakwaba\/files\/2017\/01\/15590331_810454299096367_7476498450628699678_n-150x150.jpg 150w, https:\/\/bloc.xarxa-omnia.org\/omniaakwaba\/files\/2017\/01\/15590331_810454299096367_7476498450628699678_n-300x300.jpg 300w, https:\/\/bloc.xarxa-omnia.org\/omniaakwaba\/files\/2017\/01\/15590331_810454299096367_7476498450628699678_n-768x768.jpg 768w, https:\/\/bloc.xarxa-omnia.org\/omniaakwaba\/files\/2017\/01\/15590331_810454299096367_7476498450628699678_n.jpg 960w\" sizes=\"auto, (max-width: 150px) 100vw, 150px\" \/><\/a><\/p>\n<\/div>\n","protected":false},"excerpt":{"rendered":"<p>Us convidem a veure en imatges la Festa cloenda del Punt \u00d2mnia Akwaba que es va celebrar al Centre Cultural Collblanc-La Torrassa. Volem agra\u00efr molt especialment, les actuacions de Maria Sebastian, amb els seus poemes, la coral amb nadales, el taller de ball amb les coreografies i l&#8217;actuaci\u00f3 espont\u00e0nia de Amie i Daniela. El nostre [&hellip;]<\/p>\n","protected":false},"author":153,"featured_media":0,"comment_status":"closed","ping_status":"open","sticky":false,"template":"","format":"standard","meta":{"footnotes":""},"categories":[7951],"tags":[],"class_list":{"0":"post-1705","1":"post","2":"type-post","3":"status-publish","4":"format-standard","6":"category-festa-cloenda","7":"czr-hentry"},"_links":{"self":[{"href":"https:\/\/bloc.xarxa-omnia.org\/omniaakwaba\/wp-json\/wp\/v2\/posts\/1705","targetHints":{"allow":["GET"]}}],"collection":[{"href":"https:\/\/bloc.xarxa-omnia.org\/omniaakwaba\/wp-json\/wp\/v2\/posts"}],"about":[{"href":"https:\/\/bloc.xarxa-omnia.org\/omniaakwaba\/wp-json\/wp\/v2\/types\/post"}],"author":[{"embeddable":true,"href":"https:\/\/bloc.xarxa-omnia.org\/omniaakwaba\/wp-json\/wp\/v2\/users\/153"}],"replies":[{"embeddable":true,"href":"https:\/\/bloc.xarxa-omnia.org\/omniaakwaba\/wp-json\/wp\/v2\/comments?post=1705"}],"version-history":[{"count":3,"href":"https:\/\/bloc.xarxa-omnia.org\/omniaakwaba\/wp-json\/wp\/v2\/posts\/1705\/revisions"}],"predecessor-version":[{"id":1709,"href":"https:\/\/bloc.xarxa-omnia.org\/omniaakwaba\/wp-json\/wp\/v2\/posts\/1705\/revisions\/1709"}],"wp:attachment":[{"href":"https:\/\/bloc.xarxa-omnia.org\/omniaakwaba\/wp-json\/wp\/v2\/media?parent=1705"}],"wp:term":[{"taxonomy":"category","embeddable":true,"href":"https:\/\/bloc.xarxa-omnia.org\/omniaakwaba\/wp-json\/wp\/v2\/categories?post=1705"},{"taxonomy":"post_tag","embeddable":true,"href":"https:\/\/bloc.xarxa-omnia.org\/omniaakwaba\/wp-json\/wp\/v2\/tags?post=1705"}],"curies":[{"name":"wp","href":"https:\/\/api.w.org\/{rel}","templated":true}]}}