{"id":2519,"date":"2019-12-14T14:50:57","date_gmt":"2019-12-14T12:50:57","guid":{"rendered":"http:\/\/bloc.xarxa-omnia.org\/omniaakwaba\/?p=2519"},"modified":"2019-12-14T16:54:01","modified_gmt":"2019-12-14T14:54:01","slug":"el-ball-com-eina-dinclusio-social-i-salut","status":"publish","type":"post","link":"https:\/\/bloc.xarxa-omnia.org\/omniaakwaba\/2019\/12\/14\/el-ball-com-eina-dinclusio-social-i-salut\/","title":{"rendered":"El ball com eina d&#8217;inclusi\u00f3 social i salut."},"content":{"rendered":"<p>Arribem al final del trimestre amb aquest projecte que portem a terme conjuntament amb el Servei de Rehabilitaci\u00f3 Comunit\u00e0ria\u00a0<span class=\"hiddenSpellError\">Benito<\/span>\u00a0<span class=\"hiddenSpellError\">Menni<\/span>. Ha estat tot un encert obrir el taller a totes les persones interessades\u00a0a\u00a0participar, aix\u00f2 ha afavorit les relacions socials i la diversitat del grup. Aquesta activitat a m\u00e9s de ser una eina de socialitzaci\u00f3 aporta molts beneficis a la nostra salut.<\/p>\n<p><a href=\"https:\/\/youtu.be\/IOOrA1dBxoI\">Aqu\u00ed <\/a>podeu veure un resum d&#8217;algunes de les coreografies que s&#8217;han treballat i que vam mostrar a les dones del taller de labors de la XIC.<\/p>\n<p><a href=\"http:\/\/bloc.xarxa-omnia.org\/omniaakwaba\/files\/2019\/12\/02.jpg\" rel=\"attachment wp-att-2529\"><img loading=\"lazy\" decoding=\"async\" class=\"aligncenter size-full wp-image-2529\" src=\"http:\/\/bloc.xarxa-omnia.org\/omniaakwaba\/files\/2019\/12\/02.jpg\" alt=\"Grup de ball\" width=\"1280\" height=\"672\" srcset=\"https:\/\/bloc.xarxa-omnia.org\/omniaakwaba\/files\/2019\/12\/02.jpg 1280w, https:\/\/bloc.xarxa-omnia.org\/omniaakwaba\/files\/2019\/12\/02-300x158.jpg 300w, https:\/\/bloc.xarxa-omnia.org\/omniaakwaba\/files\/2019\/12\/02-768x403.jpg 768w\" sizes=\"auto, (max-width: 1280px) 100vw, 1280px\" \/><\/a><\/p>\n<p>&nbsp;<\/p>\n<p>&nbsp;<\/p>\n","protected":false},"excerpt":{"rendered":"<p>Arribem al final del trimestre amb aquest projecte que portem a terme conjuntament amb el Servei de Rehabilitaci\u00f3 Comunit\u00e0ria\u00a0Benito\u00a0Menni. Ha estat tot un encert obrir el taller a totes les persones interessades\u00a0a\u00a0participar, aix\u00f2 ha afavorit les relacions socials i la diversitat del grup. Aquesta activitat a m\u00e9s de ser una eina de socialitzaci\u00f3 aporta molts [&hellip;]<\/p>\n","protected":false},"author":153,"featured_media":0,"comment_status":"closed","ping_status":"open","sticky":false,"template":"","format":"standard","meta":{"footnotes":""},"categories":[41],"tags":[],"class_list":{"0":"post-2519","1":"post","2":"type-post","3":"status-publish","4":"format-standard","6":"category-omnia","7":"czr-hentry"},"_links":{"self":[{"href":"https:\/\/bloc.xarxa-omnia.org\/omniaakwaba\/wp-json\/wp\/v2\/posts\/2519","targetHints":{"allow":["GET"]}}],"collection":[{"href":"https:\/\/bloc.xarxa-omnia.org\/omniaakwaba\/wp-json\/wp\/v2\/posts"}],"about":[{"href":"https:\/\/bloc.xarxa-omnia.org\/omniaakwaba\/wp-json\/wp\/v2\/types\/post"}],"author":[{"embeddable":true,"href":"https:\/\/bloc.xarxa-omnia.org\/omniaakwaba\/wp-json\/wp\/v2\/users\/153"}],"replies":[{"embeddable":true,"href":"https:\/\/bloc.xarxa-omnia.org\/omniaakwaba\/wp-json\/wp\/v2\/comments?post=2519"}],"version-history":[{"count":11,"href":"https:\/\/bloc.xarxa-omnia.org\/omniaakwaba\/wp-json\/wp\/v2\/posts\/2519\/revisions"}],"predecessor-version":[{"id":2532,"href":"https:\/\/bloc.xarxa-omnia.org\/omniaakwaba\/wp-json\/wp\/v2\/posts\/2519\/revisions\/2532"}],"wp:attachment":[{"href":"https:\/\/bloc.xarxa-omnia.org\/omniaakwaba\/wp-json\/wp\/v2\/media?parent=2519"}],"wp:term":[{"taxonomy":"category","embeddable":true,"href":"https:\/\/bloc.xarxa-omnia.org\/omniaakwaba\/wp-json\/wp\/v2\/categories?post=2519"},{"taxonomy":"post_tag","embeddable":true,"href":"https:\/\/bloc.xarxa-omnia.org\/omniaakwaba\/wp-json\/wp\/v2\/tags?post=2519"}],"curies":[{"name":"wp","href":"https:\/\/api.w.org\/{rel}","templated":true}]}}