{"id":2949,"date":"2021-01-07T09:00:48","date_gmt":"2021-01-07T07:00:48","guid":{"rendered":"http:\/\/bloc.xarxa-omnia.org\/omniaakwaba\/?p=2949"},"modified":"2021-01-06T22:24:04","modified_gmt":"2021-01-06T20:24:04","slug":"comencem-el-trimestre-2021","status":"publish","type":"post","link":"https:\/\/bloc.xarxa-omnia.org\/omniaakwaba\/2021\/01\/07\/comencem-el-trimestre-2021\/","title":{"rendered":"Comencem el trimestre 2021"},"content":{"rendered":"<p>Comencem el trimestre 2021!, i de moment, continuem amb la nostra programaci\u00f3 de tallers en l\u00ednia i d&#8217;atenci\u00f3 personalitzada amb <a href=\"https:\/\/xarxaomnia.gencat.cat\/node\/339\/cita-previa\">cita pr\u00e8via<\/a>. Aquest any reprenem la col\u00b7laboraci\u00f3 amb el <a href=\"https:\/\/www.hospitalarias.es\/que-hacemos\/red-de-centros-y-dispositivos\/servicio-de-rehabilitacion-comunitaria-benito-menni\/\">Servei de Rehabilitaci\u00f3 Comunit\u00e0ria Benito Menni<\/a> i noves col\u00b7laboracions amb el <a href=\"https:\/\/www.cpnl.cat\/xarxa\/cnllhospitalet\/\">Centre de Normalitzaci\u00f3 Ling\u00fc\u00edstica<\/a> i la <a href=\"https:\/\/www.teb.org\/atencio-a-les-persones\/fundacio-tutelar\/\">Fundaci\u00f3 TEB.<\/a><\/p>\n<p><a href=\"http:\/\/bloc.xarxa-omnia.org\/omniaakwaba\/files\/2021\/01\/1.png\"><img loading=\"lazy\" decoding=\"async\" class=\"alignnone size-full wp-image-2950\" src=\"http:\/\/bloc.xarxa-omnia.org\/omniaakwaba\/files\/2021\/01\/1.png\" alt=\"\" width=\"1080\" height=\"1080\" srcset=\"https:\/\/bloc.xarxa-omnia.org\/omniaakwaba\/files\/2021\/01\/1.png 1080w, https:\/\/bloc.xarxa-omnia.org\/omniaakwaba\/files\/2021\/01\/1-300x300.png 300w, https:\/\/bloc.xarxa-omnia.org\/omniaakwaba\/files\/2021\/01\/1-150x150.png 150w, https:\/\/bloc.xarxa-omnia.org\/omniaakwaba\/files\/2021\/01\/1-768x768.png 768w\" sizes=\"auto, (max-width: 1080px) 100vw, 1080px\" \/><\/a><\/p>\n","protected":false},"excerpt":{"rendered":"<p>Comencem el trimestre 2021!, i de moment, continuem amb la nostra programaci\u00f3 de tallers en l\u00ednia i d&#8217;atenci\u00f3 personalitzada amb cita pr\u00e8via. Aquest any reprenem la col\u00b7laboraci\u00f3 amb el Servei de Rehabilitaci\u00f3 Comunit\u00e0ria Benito Menni i noves col\u00b7laboracions amb el Centre de Normalitzaci\u00f3 Ling\u00fc\u00edstica i la Fundaci\u00f3 TEB.<\/p>\n","protected":false},"author":153,"featured_media":2950,"comment_status":"closed","ping_status":"open","sticky":false,"template":"","format":"standard","meta":{"footnotes":""},"categories":[41],"tags":[26145,26138,26136,26137],"class_list":{"0":"post-2949","1":"post","2":"type-post","3":"status-publish","4":"format-standard","5":"has-post-thumbnail","7":"category-omnia","8":"tag-xarxaomnia-omniaakwaba","9":"tag-fundacioakwaba","10":"tag-omniaacasa","11":"tag-puntomnia","12":"czr-hentry"},"_links":{"self":[{"href":"https:\/\/bloc.xarxa-omnia.org\/omniaakwaba\/wp-json\/wp\/v2\/posts\/2949","targetHints":{"allow":["GET"]}}],"collection":[{"href":"https:\/\/bloc.xarxa-omnia.org\/omniaakwaba\/wp-json\/wp\/v2\/posts"}],"about":[{"href":"https:\/\/bloc.xarxa-omnia.org\/omniaakwaba\/wp-json\/wp\/v2\/types\/post"}],"author":[{"embeddable":true,"href":"https:\/\/bloc.xarxa-omnia.org\/omniaakwaba\/wp-json\/wp\/v2\/users\/153"}],"replies":[{"embeddable":true,"href":"https:\/\/bloc.xarxa-omnia.org\/omniaakwaba\/wp-json\/wp\/v2\/comments?post=2949"}],"version-history":[{"count":5,"href":"https:\/\/bloc.xarxa-omnia.org\/omniaakwaba\/wp-json\/wp\/v2\/posts\/2949\/revisions"}],"predecessor-version":[{"id":2955,"href":"https:\/\/bloc.xarxa-omnia.org\/omniaakwaba\/wp-json\/wp\/v2\/posts\/2949\/revisions\/2955"}],"wp:featuredmedia":[{"embeddable":true,"href":"https:\/\/bloc.xarxa-omnia.org\/omniaakwaba\/wp-json\/wp\/v2\/media\/2950"}],"wp:attachment":[{"href":"https:\/\/bloc.xarxa-omnia.org\/omniaakwaba\/wp-json\/wp\/v2\/media?parent=2949"}],"wp:term":[{"taxonomy":"category","embeddable":true,"href":"https:\/\/bloc.xarxa-omnia.org\/omniaakwaba\/wp-json\/wp\/v2\/categories?post=2949"},{"taxonomy":"post_tag","embeddable":true,"href":"https:\/\/bloc.xarxa-omnia.org\/omniaakwaba\/wp-json\/wp\/v2\/tags?post=2949"}],"curies":[{"name":"wp","href":"https:\/\/api.w.org\/{rel}","templated":true}]}}