{"id":3224,"date":"2021-12-24T17:46:10","date_gmt":"2021-12-24T15:46:10","guid":{"rendered":"http:\/\/bloc.xarxa-omnia.org\/omniaakwaba\/?p=3224"},"modified":"2021-12-24T17:46:15","modified_gmt":"2021-12-24T15:46:15","slug":"festa-dhivern-2021","status":"publish","type":"post","link":"https:\/\/bloc.xarxa-omnia.org\/omniaakwaba\/2021\/12\/24\/festa-dhivern-2021\/","title":{"rendered":"Festa d&#8217;hivern 2021"},"content":{"rendered":"<div dir=\"auto\" style=\"text-align: left\"><strong>Acomiadant l&#8217;any amb vosaltres, quina millor manera!<\/strong>, en format h\u00edbrid com no! Ja \u00e9s m\u00e9s que l&#8217;any passat. <strong>25 persones<\/strong> hem gaudit d&#8217;aquesta trobada que sempre fem a l&#8217;estiu i a l&#8217;hivern. En aquesta ocasi\u00f3 en <strong>format h\u00edbrid.<\/strong> Vam projectar el v\u00eddeo<strong> <a href=\"https:\/\/youtu.be\/lT3HBKzeAIw\" target=\"_blank\" rel=\"noopener noreferrer\">&#8220;recorregut pel 2021&#8221;<\/a> <\/strong>on hem intentat fer una recopilaci\u00f3 de tot el que hem viscut i treballat durant aquest 2021, que no ha sigut poc! Va agradar molt. Vam parlar sobre com va anar aquest any i com volem que sigui el proper. <strong>La Mar\u00eda Sebasti\u00e1n,<\/strong> la m\u00e9s veterana, ens va recitar una de les seves poesies per a l&#8217;ocasi\u00f3 i ens van portar uns regalets. <strong>Sou molt grans!<\/strong><\/div>\n<div dir=\"auto\" style=\"text-align: left\"><\/div>\n\n\t\t<style type=\"text\/css\">\n\t\t\t#gallery-1 {\n\t\t\t\tmargin: auto;\n\t\t\t}\n\t\t\t#gallery-1 .gallery-item {\n\t\t\t\tfloat: left;\n\t\t\t\tmargin-top: 10px;\n\t\t\t\ttext-align: center;\n\t\t\t\twidth: 25%;\n\t\t\t}\n\t\t\t#gallery-1 img {\n\t\t\t\tborder: 2px solid #cfcfcf;\n\t\t\t}\n\t\t\t#gallery-1 .gallery-caption {\n\t\t\t\tmargin-left: 0;\n\t\t\t}\n\t\t\t\/* see gallery_shortcode() in wp-includes\/media.php *\/\n\t\t<\/style>\n\t\t<div id='gallery-1' class='gallery galleryid-3224 gallery-columns-4 gallery-size-thumbnail'><dl class='gallery-item'>\n\t\t\t<dt class='gallery-icon landscape'>\n\t\t\t\t<a href='https:\/\/bloc.xarxa-omnia.org\/omniaakwaba\/2021\/12\/24\/festa-dhivern-2021\/20211220_120826\/'><img loading=\"lazy\" decoding=\"async\" width=\"150\" height=\"150\" src=\"https:\/\/bloc.xarxa-omnia.org\/omniaakwaba\/files\/2021\/12\/20211220_120826-150x150.jpg\" class=\"attachment-thumbnail size-thumbnail\" alt=\"Festad&#039;hivern2021\" \/><\/a>\n\t\t\t<\/dt><\/dl><dl class='gallery-item'>\n\t\t\t<dt class='gallery-icon landscape'>\n\t\t\t\t<a href='https:\/\/bloc.xarxa-omnia.org\/omniaakwaba\/2021\/12\/24\/festa-dhivern-2021\/captura-de-2021-12-20-11-10-42\/'><img loading=\"lazy\" decoding=\"async\" width=\"150\" height=\"150\" src=\"https:\/\/bloc.xarxa-omnia.org\/omniaakwaba\/files\/2021\/12\/Captura-de-2021-12-20-11-10-42-150x150.png\" class=\"attachment-thumbnail size-thumbnail\" alt=\"\" \/><\/a>\n\t\t\t<\/dt><\/dl><dl class='gallery-item'>\n\t\t\t<dt class='gallery-icon landscape'>\n\t\t\t\t<a href='https:\/\/bloc.xarxa-omnia.org\/omniaakwaba\/2021\/12\/24\/festa-dhivern-2021\/captura-de-2021-12-20-12-04-00\/'><img loading=\"lazy\" decoding=\"async\" width=\"150\" height=\"150\" src=\"https:\/\/bloc.xarxa-omnia.org\/omniaakwaba\/files\/2021\/12\/Captura-de-2021-12-20-12-04-00-150x150.png\" class=\"attachment-thumbnail size-thumbnail\" alt=\"AulaOmnia\" \/><\/a>\n\t\t\t<\/dt><\/dl><dl class='gallery-item'>\n\t\t\t<dt class='gallery-icon landscape'>\n\t\t\t\t<a href='https:\/\/bloc.xarxa-omnia.org\/omniaakwaba\/2021\/12\/24\/festa-dhivern-2021\/whatsapp-image-2021-12-20-at-16-41-22\/'><img loading=\"lazy\" decoding=\"async\" width=\"150\" height=\"150\" src=\"https:\/\/bloc.xarxa-omnia.org\/omniaakwaba\/files\/2021\/12\/WhatsApp-Image-2021-12-20-at-16.41.22-150x150.jpeg\" class=\"attachment-thumbnail size-thumbnail\" alt=\"\" \/><\/a>\n\t\t\t<\/dt><\/dl><br style=\"clear: both\" \/>\n\t\t<\/div>\n\n<p><iframe loading=\"lazy\" title=\"Recorregut pel 2021\" width=\"1170\" height=\"658\" src=\"https:\/\/www.youtube.com\/embed\/lT3HBKzeAIw?feature=oembed\" frameborder=\"0\" allow=\"accelerometer; autoplay; clipboard-write; encrypted-media; gyroscope; picture-in-picture\" allowfullscreen><\/iframe><\/p>\n<div dir=\"auto\" style=\"text-align: left\">Aquesta trobada afavoreix que persones de diferents tallers es coneguin i comparteixin experi\u00e8ncies i al mateix temps vegin que m\u00e9s tallers i activitats s&#8217;han realitzat durant l&#8217;any, <a href=\"https:\/\/youtu.be\/Er2OKFsiy0E\" target=\"_blank\" rel=\"noopener noreferrer\">la sortida cultural<\/a> amb les companyes del Punt \u00d2mnia <a href=\"https:\/\/xarxaomnia.gencat.cat\/punt-omnia\/punt-mnia-jis-arrels\" target=\"_blank\" rel=\"noopener noreferrer\">JIS-Arrels<\/a> , treballs realitzats d&#8217;edici\u00f3 de v\u00eddeo al <a href=\"https:\/\/youtu.be\/Eb8EBaZg4rM\" target=\"_blank\" rel=\"noopener noreferrer\">taller d&#8217;estiu<\/a>, la <a href=\"https:\/\/youtu.be\/57_hBFLZfuk\" target=\"_blank\" rel=\"noopener noreferrer\">sortida al Parc de Cervantes<\/a>, la <a href=\"https:\/\/youtu.be\/D23wkU7U4LU\" target=\"_blank\" rel=\"noopener noreferrer\">passejada fotogr\u00e0fica<\/a> amb els <a href=\"https:\/\/xarxaomnia.gencat.cat\/punt-omnia\/punt-mnia-casal-c-vic-badalona-sant-roc\" target=\"_blank\" rel=\"noopener noreferrer\">Punts \u00d2mnia Casal C\u00edvic Sant Roc<\/a> i JIS-Arrels. A m\u00e9s vam estar recordant, el v\u00eddeo col\u00b7laboratiu que vam fer<a href=\"https:\/\/youtu.be\/nkBUxvhhSe4\" target=\"_blank\" rel=\"noopener noreferrer\"> #JoEmQuedoaCasa<\/a>&nbsp; ara fa vint-i-un mesos, i ens va impressionar el rostre de totes nosaltres, mostra de pel que s&#8217;estava passant en aquell moment.<\/div>\n<div dir=\"auto\" style=\"text-align: left\">Esperem que la d&#8217;estiu es pugui fer presencialment, per poder degustar tamb\u00e9, els plats que solen portar a la Festa participants de diverses cultures.<\/div>\n<div dir=\"auto\"><\/div>\n<div dir=\"auto\">\n\n\t\t<style type=\"text\/css\">\n\t\t\t#gallery-2 {\n\t\t\t\tmargin: auto;\n\t\t\t}\n\t\t\t#gallery-2 .gallery-item {\n\t\t\t\tfloat: left;\n\t\t\t\tmargin-top: 10px;\n\t\t\t\ttext-align: center;\n\t\t\t\twidth: 50%;\n\t\t\t}\n\t\t\t#gallery-2 img {\n\t\t\t\tborder: 2px solid #cfcfcf;\n\t\t\t}\n\t\t\t#gallery-2 .gallery-caption {\n\t\t\t\tmargin-left: 0;\n\t\t\t}\n\t\t\t\/* see gallery_shortcode() in wp-includes\/media.php *\/\n\t\t<\/style>\n\t\t<div id='gallery-2' class='gallery galleryid-3224 gallery-columns-2 gallery-size-medium'><dl class='gallery-item'>\n\t\t\t<dt class='gallery-icon landscape'>\n\t\t\t\t<a href='https:\/\/bloc.xarxa-omnia.org\/omniaakwaba\/2021\/12\/24\/festa-dhivern-2021\/01-5\/'><img loading=\"lazy\" decoding=\"async\" width=\"300\" height=\"225\" src=\"https:\/\/bloc.xarxa-omnia.org\/omniaakwaba\/files\/2021\/12\/01-1-300x225.jpg\" class=\"attachment-medium size-medium\" alt=\"\" srcset=\"https:\/\/bloc.xarxa-omnia.org\/omniaakwaba\/files\/2021\/12\/01-1-300x225.jpg 300w, https:\/\/bloc.xarxa-omnia.org\/omniaakwaba\/files\/2021\/12\/01-1-768x576.jpg 768w, https:\/\/bloc.xarxa-omnia.org\/omniaakwaba\/files\/2021\/12\/01-1-1536x1152.jpg 1536w, https:\/\/bloc.xarxa-omnia.org\/omniaakwaba\/files\/2021\/12\/01-1.jpg 1728w\" sizes=\"auto, (max-width: 300px) 100vw, 300px\" \/><\/a>\n\t\t\t<\/dt><\/dl><dl class='gallery-item'>\n\t\t\t<dt class='gallery-icon landscape'>\n\t\t\t\t<a href='https:\/\/bloc.xarxa-omnia.org\/omniaakwaba\/2021\/12\/24\/festa-dhivern-2021\/02-5\/'><img loading=\"lazy\" decoding=\"async\" width=\"300\" height=\"225\" src=\"https:\/\/bloc.xarxa-omnia.org\/omniaakwaba\/files\/2021\/12\/02-1-300x225.jpg\" class=\"attachment-medium size-medium\" alt=\"\" srcset=\"https:\/\/bloc.xarxa-omnia.org\/omniaakwaba\/files\/2021\/12\/02-1-300x225.jpg 300w, https:\/\/bloc.xarxa-omnia.org\/omniaakwaba\/files\/2021\/12\/02-1-768x576.jpg 768w, https:\/\/bloc.xarxa-omnia.org\/omniaakwaba\/files\/2021\/12\/02-1-1536x1152.jpg 1536w, https:\/\/bloc.xarxa-omnia.org\/omniaakwaba\/files\/2021\/12\/02-1.jpg 1728w\" sizes=\"auto, (max-width: 300px) 100vw, 300px\" \/><\/a>\n\t\t\t<\/dt><\/dl><br style=\"clear: both\" \/>\n\t\t<\/div>\n\n<div dir=\"auto\"><\/div>\n<div dir=\"auto\">Aquestes imatges s\u00f3n de las persones del <a href=\"https:\/\/www.teb.org\/es\/grupo-teb\/quien-somos\/\" target=\"_blank\" rel=\"noopener noreferrer\">Grup Cooperatiu TEB<\/a> que han sigut les que han decorat l&#8217;arbre i l&#8217;aula amb les Postals de Nadal que han fet.&nbsp; Felicitats per la feina a tothom i Bones Festes!<\/div>\n<\/div>\n<div dir=\"auto\"><\/div>\n<div dir=\"auto\"><\/div>\n<div dir=\"auto\">\n<p><iframe loading=\"lazy\" title=\"Sortida Cultural Juliol 2021\" width=\"1170\" height=\"658\" src=\"https:\/\/www.youtube.com\/embed\/Er2OKFsiy0E?feature=oembed\" frameborder=\"0\" allow=\"accelerometer; autoplay; clipboard-write; encrypted-media; gyroscope; picture-in-picture\" allowfullscreen><\/iframe><\/p>\n<p><iframe loading=\"lazy\" title=\"Treballs Taller d&#039;estiu 2021\" width=\"1170\" height=\"658\" src=\"https:\/\/www.youtube.com\/embed\/Eb8EBaZg4rM?feature=oembed\" frameborder=\"0\" allow=\"accelerometer; autoplay; clipboard-write; encrypted-media; gyroscope; picture-in-picture\" allowfullscreen><\/iframe><\/p>\n<p><iframe loading=\"lazy\" title=\"Sortida Parc de Cervantes\" width=\"1170\" height=\"658\" src=\"https:\/\/www.youtube.com\/embed\/57_hBFLZfuk?feature=oembed\" frameborder=\"0\" allow=\"accelerometer; autoplay; clipboard-write; encrypted-media; gyroscope; picture-in-picture\" allowfullscreen><\/iframe><\/p>\n<p><iframe loading=\"lazy\" title=\"Passejades fotogr\u00e0fiques amb els Punts \u00d2mnia Casal C\u00edvic Sant Roc,  Fundaci\u00f3 Akwaba i Jis-Arrels.\" width=\"1170\" height=\"658\" src=\"https:\/\/www.youtube.com\/embed\/D23wkU7U4LU?feature=oembed\" frameborder=\"0\" allow=\"accelerometer; autoplay; clipboard-write; encrypted-media; gyroscope; picture-in-picture\" allowfullscreen><\/iframe><\/p>\n<\/div>\n","protected":false},"excerpt":{"rendered":"<p>Acomiadant l&#8217;any amb vosaltres, quina millor manera!, en format h\u00edbrid com no! Ja \u00e9s m\u00e9s que l&#8217;any passat. 25 persones hem gaudit d&#8217;aquesta trobada que sempre fem a l&#8217;estiu i a l&#8217;hivern. En aquesta ocasi\u00f3 en format h\u00edbrid. Vam projectar el v\u00eddeo &#8220;recorregut pel 2021&#8221; on hem intentat fer una recopilaci\u00f3 de tot el que [&hellip;]<\/p>\n","protected":false},"author":153,"featured_media":3225,"comment_status":"closed","ping_status":"open","sticky":false,"template":"","format":"standard","meta":{"footnotes":""},"categories":[41],"tags":[26145,26138],"class_list":{"0":"post-3224","1":"post","2":"type-post","3":"status-publish","4":"format-standard","5":"has-post-thumbnail","7":"category-omnia","8":"tag-xarxaomnia-omniaakwaba","9":"tag-fundacioakwaba","10":"czr-hentry"},"_links":{"self":[{"href":"https:\/\/bloc.xarxa-omnia.org\/omniaakwaba\/wp-json\/wp\/v2\/posts\/3224","targetHints":{"allow":["GET"]}}],"collection":[{"href":"https:\/\/bloc.xarxa-omnia.org\/omniaakwaba\/wp-json\/wp\/v2\/posts"}],"about":[{"href":"https:\/\/bloc.xarxa-omnia.org\/omniaakwaba\/wp-json\/wp\/v2\/types\/post"}],"author":[{"embeddable":true,"href":"https:\/\/bloc.xarxa-omnia.org\/omniaakwaba\/wp-json\/wp\/v2\/users\/153"}],"replies":[{"embeddable":true,"href":"https:\/\/bloc.xarxa-omnia.org\/omniaakwaba\/wp-json\/wp\/v2\/comments?post=3224"}],"version-history":[{"count":27,"href":"https:\/\/bloc.xarxa-omnia.org\/omniaakwaba\/wp-json\/wp\/v2\/posts\/3224\/revisions"}],"predecessor-version":[{"id":3259,"href":"https:\/\/bloc.xarxa-omnia.org\/omniaakwaba\/wp-json\/wp\/v2\/posts\/3224\/revisions\/3259"}],"wp:featuredmedia":[{"embeddable":true,"href":"https:\/\/bloc.xarxa-omnia.org\/omniaakwaba\/wp-json\/wp\/v2\/media\/3225"}],"wp:attachment":[{"href":"https:\/\/bloc.xarxa-omnia.org\/omniaakwaba\/wp-json\/wp\/v2\/media?parent=3224"}],"wp:term":[{"taxonomy":"category","embeddable":true,"href":"https:\/\/bloc.xarxa-omnia.org\/omniaakwaba\/wp-json\/wp\/v2\/categories?post=3224"},{"taxonomy":"post_tag","embeddable":true,"href":"https:\/\/bloc.xarxa-omnia.org\/omniaakwaba\/wp-json\/wp\/v2\/tags?post=3224"}],"curies":[{"name":"wp","href":"https:\/\/api.w.org\/{rel}","templated":true}]}}