{"id":3907,"date":"2024-06-21T14:34:09","date_gmt":"2024-06-21T12:34:09","guid":{"rendered":"https:\/\/bloc.xarxa-omnia.org\/omniaakwaba\/?p=3907"},"modified":"2024-06-21T19:55:37","modified_gmt":"2024-06-21T17:55:37","slug":"el-punt-omnia-fundacio-akwaba-celebra-els-25-anys-de-la-xarxa-omnia-a-la-festa-de-la-diversitat","status":"publish","type":"post","link":"https:\/\/bloc.xarxa-omnia.org\/omniaakwaba\/2024\/06\/21\/el-punt-omnia-fundacio-akwaba-celebra-els-25-anys-de-la-xarxa-omnia-a-la-festa-de-la-diversitat\/","title":{"rendered":"L&#8217;\u00d2mnia Akwaba celebra els 25 anys de la Xarxa \u00d2mnia a la Festa de la Diversitat."},"content":{"rendered":"\n<p>Fa uns anys que el Punt \u00d2mnia Fundaci\u00f3 Akwaba participa amb un grup de dansa a la <strong>Festa de la Diversitat <\/strong>en el marc de les Festes Majors del barri al parc de la Marquesa, presentant algunes coreografies que s&#8217;han treballat durant el curs. Enguany un dels balls, amb ventalls de la Xarxa \u00d2mnia.<\/p>\n\n\n\n<p>Aquesta festa, \u00e9s un espai comunitari i festiu que afavoreix la creaci\u00f3 de vincles i relacions, on diverses entitats i associacions estan presents amb activitats, actuacions, concursos, concerts\u2026, \u00e9s un dia per a gaudir.<\/p>\n\n\n\n<p>El grup de dansa &#8220;Al comp\u00e0s&#8221; forma part de Danzaesum, un projecte de cures tan a nivell personal com de grup, de relacions socials, per a evitar la solitud sobretot en persones majors, i relacionat amb les tecnologies, ja que s\u00f3n les mateixes participants les que realitzen cerques d&#8217;internet per a seleccionar les can\u00e7ons que desitgen ballar i fins i tot muntar els seus propis v\u00eddeos. Tamb\u00e9 han participat en campanyes con el vuit de mar\u00e7 <a href=\"https:\/\/youtu.be\/AsHyF-Rdx4E?si=UNoLeWpENe-pj0fk\" data-type=\"link\" data-id=\"https:\/\/youtu.be\/AsHyF-Rdx4E?si=UNoLeWpENe-pj0fk\">&#8220;Dia internacional de la dona&#8221;<\/a>, vint-i-tres d&#8217;abril <a href=\"https:\/\/youtu.be\/PNwGQ3V-Dx0?si=wb9EJD-pOEmtHEcv\" data-type=\"link\" data-id=\"https:\/\/youtu.be\/PNwGQ3V-Dx0?si=wb9EJD-pOEmtHEcv\">&#8220;Sant Jordi&#8221;<\/a><a href=\"https:\/\/youtu.be\/PNwGQ3V-Dx0?si=nt0ogGYAy89v5NCi\" data-type=\"link\" data-id=\"https:\/\/youtu.be\/PNwGQ3V-Dx0?si=nt0ogGYAy89v5NCi\"> <\/a>i vint-i-cinc de novembre <a href=\"https:\/\/youtu.be\/LjAJq7N__9M?si=ZkpcsuGoCZ4FdNjY\" data-type=\"link\" data-id=\"https:\/\/youtu.be\/LjAJq7N__9M?si=ZkpcsuGoCZ4FdNjY\">&#8221; Dia Internacional per l\u2019Erradicaci\u00f3 de la Viol\u00e8ncia vers les Dones&#8221;. <\/a><\/p>\n\n\n\n<p>Aquest grup intercultural i intergeneracional, est\u00e0 compost per dones de 40 a 82 anys de diferents nacionalitats, dues d&#8217;elles derivades del Grup cooperatiu TEB que impulsa el creixement professional de persones amb diversitat funcional.<\/p>\n\n\n\n<p>Diumenge passat 16 de juny, malauradament no va poder actuar el grup en la seva totalitat, per\u00f2 les que van estar ho van donar tot!<\/p>\n\n\n\n<p>Per veure la resta de treballs que s&#8217;han fet, fes clic <a href=\"https:\/\/www.youtube.com\/watch?v=xzskCSGGoDs&amp;list=PLEmPtUSrWoo3zm6vciLfHCe9K9-xoqKsv&amp;t=2s\" data-type=\"link\" data-id=\"https:\/\/www.youtube.com\/watch?v=xzskCSGGoDs&amp;list=PLEmPtUSrWoo3zm6vciLfHCe9K9-xoqKsv&amp;t=2s\">aqu\u00ed<\/a> o b\u00e9 en <strong>&#8220;Ver en YouTube&#8221;<\/strong>.<\/p>\n\n\n\n<figure class=\"wp-block-embed is-type-video is-provider-youtube wp-block-embed-youtube wp-embed-aspect-16-9 wp-has-aspect-ratio\"><div class=\"wp-block-embed__wrapper\">\n<iframe loading=\"lazy\" title=\"Projecte Danzaesum - Punt \u00d2mnia Fundaci\u00f3 Akwaba\" width=\"1170\" height=\"658\" src=\"https:\/\/www.youtube.com\/embed\/videoseries?list=PLEmPtUSrWoo3zm6vciLfHCe9K9-xoqKsv\" frameborder=\"0\" allow=\"accelerometer; autoplay; clipboard-write; encrypted-media; gyroscope; picture-in-picture; web-share\" referrerpolicy=\"strict-origin-when-cross-origin\" allowfullscreen><\/iframe>\n<\/div><\/figure>\n","protected":false},"excerpt":{"rendered":"<p>Fa uns anys que el Punt \u00d2mnia Fundaci\u00f3 Akwaba participa amb un grup de dansa a la Festa de la Diversitat en el marc de les Festes Majors del barri al parc de la Marquesa, presentant algunes coreografies que s&#8217;han treballat durant el curs. Enguany un dels balls, amb ventalls de la Xarxa \u00d2mnia. Aquesta [&hellip;]<\/p>\n","protected":false},"author":153,"featured_media":3912,"comment_status":"closed","ping_status":"open","sticky":false,"template":"","format":"standard","meta":{"footnotes":""},"categories":[41],"tags":[],"class_list":{"0":"post-3907","1":"post","2":"type-post","3":"status-publish","4":"format-standard","5":"has-post-thumbnail","7":"category-omnia","8":"czr-hentry"},"_links":{"self":[{"href":"https:\/\/bloc.xarxa-omnia.org\/omniaakwaba\/wp-json\/wp\/v2\/posts\/3907","targetHints":{"allow":["GET"]}}],"collection":[{"href":"https:\/\/bloc.xarxa-omnia.org\/omniaakwaba\/wp-json\/wp\/v2\/posts"}],"about":[{"href":"https:\/\/bloc.xarxa-omnia.org\/omniaakwaba\/wp-json\/wp\/v2\/types\/post"}],"author":[{"embeddable":true,"href":"https:\/\/bloc.xarxa-omnia.org\/omniaakwaba\/wp-json\/wp\/v2\/users\/153"}],"replies":[{"embeddable":true,"href":"https:\/\/bloc.xarxa-omnia.org\/omniaakwaba\/wp-json\/wp\/v2\/comments?post=3907"}],"version-history":[{"count":13,"href":"https:\/\/bloc.xarxa-omnia.org\/omniaakwaba\/wp-json\/wp\/v2\/posts\/3907\/revisions"}],"predecessor-version":[{"id":3926,"href":"https:\/\/bloc.xarxa-omnia.org\/omniaakwaba\/wp-json\/wp\/v2\/posts\/3907\/revisions\/3926"}],"wp:featuredmedia":[{"embeddable":true,"href":"https:\/\/bloc.xarxa-omnia.org\/omniaakwaba\/wp-json\/wp\/v2\/media\/3912"}],"wp:attachment":[{"href":"https:\/\/bloc.xarxa-omnia.org\/omniaakwaba\/wp-json\/wp\/v2\/media?parent=3907"}],"wp:term":[{"taxonomy":"category","embeddable":true,"href":"https:\/\/bloc.xarxa-omnia.org\/omniaakwaba\/wp-json\/wp\/v2\/categories?post=3907"},{"taxonomy":"post_tag","embeddable":true,"href":"https:\/\/bloc.xarxa-omnia.org\/omniaakwaba\/wp-json\/wp\/v2\/tags?post=3907"}],"curies":[{"name":"wp","href":"https:\/\/api.w.org\/{rel}","templated":true}]}}