{"id":4041,"date":"2025-03-12T14:27:45","date_gmt":"2025-03-12T12:27:45","guid":{"rendered":"https:\/\/bloc.xarxa-omnia.org\/omniaakwaba\/?p=4041"},"modified":"2025-03-13T11:19:46","modified_gmt":"2025-03-13T09:19:46","slug":"8m-2025-intensiu","status":"publish","type":"post","link":"https:\/\/bloc.xarxa-omnia.org\/omniaakwaba\/2025\/03\/12\/8m-2025-intensiu\/","title":{"rendered":"#8M 2025 Intensiu!"},"content":{"rendered":"\n<p>Una vegada m\u00e9s, encara que el 8 de mar\u00e7 ho hem de tenir present cada dia, \u00e9s el 8, i setmanes al voltant que fem m\u00e9s \u00e8mfasi en diverses activitats.<\/p>\n\n\n\n<p>&#8211; Dilluns, 3 de mar\u00e7, de 10 a 11:30h <strong>Dones que inspiren: Construint el nostre llegat<\/strong>. Activitat per fomentar la inspiraci\u00f3 i la reflexi\u00f3 sobre la import\u00e0ncia del rol de les dones en la societat.<\/p>\n\n\n\n<p>Vam obrir la sessi\u00f3 amb un parell de v\u00eddeos <a href=\"https:\/\/youtu.be\/mWpaHv6l7o0?si=kPLQfdTxx-MsXi1l\" data-type=\"link\" data-id=\"https:\/\/youtu.be\/mWpaHv6l7o0?si=kPLQfdTxx-MsXi1l\">la Secci\u00f3n Femenina y el modelo de mujer que defini\u00f3 Franco<\/a> i <a href=\"https:\/\/youtu.be\/xTVuVK8k0ig?si=dBcDgw6BbiqEkYsG\" data-type=\"link\" data-id=\"https:\/\/youtu.be\/xTVuVK8k0ig?si=dBcDgw6BbiqEkYsG\">Mujeres que hicieron hist\u00f3ria<\/a>, per tal de reflexionar i crear debat. A continuaci\u00f3 vam fer servir un Kahoot per recordar i aprendre.<\/p>\n\n\n\n<figure class=\"wp-block-gallery has-nested-images columns-default is-cropped wp-block-gallery-1 is-layout-flex wp-block-gallery-is-layout-flex\">\n<figure class=\"wp-block-image size-large\"><img loading=\"lazy\" decoding=\"async\" width=\"8160\" height=\"6120\" data-id=\"4046\" src=\"https:\/\/bloc.xarxa-omnia.org\/omniaakwaba\/files\/2025\/03\/20250303_105343.jpg\" alt=\"\" class=\"wp-image-4046\" \/><\/figure>\n\n\n\n<figure class=\"wp-block-image size-large\"><img loading=\"lazy\" decoding=\"async\" width=\"8160\" height=\"6120\" data-id=\"4045\" src=\"https:\/\/bloc.xarxa-omnia.org\/omniaakwaba\/files\/2025\/03\/20250303_103859-1.jpg\" alt=\"\" class=\"wp-image-4045\" \/><\/figure>\n\n\n\n<figure class=\"wp-block-image size-large\"><img loading=\"lazy\" decoding=\"async\" width=\"8160\" height=\"6120\" data-id=\"4047\" src=\"https:\/\/bloc.xarxa-omnia.org\/omniaakwaba\/files\/2025\/03\/20250303_105313-1.jpg\" alt=\"\" class=\"wp-image-4047\" \/><\/figure>\n<\/figure>\n\n\n\n<p>&#8211; Dilluns, 3 de mar\u00e7 a les 18:30 hores. <strong>&#8220;Dona i Prou!&#8221; Grup de Dones de Collblanc-Torrassa<\/strong>. Una tragicom\u00e8dia que viatja en el temps per mostrar la situaci\u00f3 de les dones en diferents \u00e0mbits socials, dirigida per Sol Galatro.<\/p>\n\n\n\n<figure class=\"wp-block-gallery has-nested-images columns-default is-cropped wp-block-gallery-2 is-layout-flex wp-block-gallery-is-layout-flex\">\n<figure class=\"wp-block-image size-large\"><img loading=\"lazy\" decoding=\"async\" width=\"8160\" height=\"6120\" data-id=\"4050\" src=\"https:\/\/bloc.xarxa-omnia.org\/omniaakwaba\/files\/2025\/03\/20250303_182935.jpg\" alt=\"\" class=\"wp-image-4050\" \/><\/figure>\n\n\n\n<figure class=\"wp-block-image size-large\"><img loading=\"lazy\" decoding=\"async\" width=\"4080\" height=\"3060\" data-id=\"4049\" src=\"https:\/\/bloc.xarxa-omnia.org\/omniaakwaba\/files\/2025\/03\/20250303_190049.jpg\" alt=\"\" class=\"wp-image-4049\" \/><\/figure>\n\n\n\n<figure class=\"wp-block-image size-large\"><img loading=\"lazy\" decoding=\"async\" width=\"8160\" height=\"6120\" data-id=\"4048\" src=\"https:\/\/bloc.xarxa-omnia.org\/omniaakwaba\/files\/2025\/03\/20250303_183856.jpg\" alt=\"\" class=\"wp-image-4048\" \/><\/figure>\n<\/figure>\n\n\n\n<p>&#8211; Dimarts, 4 de mar\u00e7, de 19:30 a 20:30 h. <strong>Balla amb nosaltres.<\/strong> Al taller de ball &#8220;Al comp\u00e0s&#8221; vam ballar a ritme de can\u00e7ons de dones. Les components del grup, un any m\u00e9s han posat el seu gra de sorra amb aquest <a href=\"https:\/\/youtu.be\/1NE2CQhAI5s?si=NvKShrlz0RiFlYe3\" data-type=\"link\" data-id=\"https:\/\/youtu.be\/1NE2CQhAI5s?si=NvKShrlz0RiFlYe3\">v\u00eddeo<\/a>.<\/p>\n\n\n\n<figure class=\"wp-block-embed is-type-video is-provider-youtube wp-block-embed-youtube wp-embed-aspect-16-9 wp-has-aspect-ratio\"><div class=\"wp-block-embed__wrapper\">\n<iframe loading=\"lazy\" title=\"#8M\u00d2mnia 2025\" width=\"1170\" height=\"658\" src=\"https:\/\/www.youtube.com\/embed\/1NE2CQhAI5s?feature=oembed\" frameborder=\"0\" allow=\"accelerometer; autoplay; clipboard-write; encrypted-media; gyroscope; picture-in-picture; web-share\" referrerpolicy=\"strict-origin-when-cross-origin\" allowfullscreen><\/iframe>\n<\/div><\/figure>\n\n\n\n<p>&#8211; Dimecres, 5 de mar\u00e7, d&#8217;11 a 13 h. <strong>Activitat comunit\u00e0ria #8M. Punts \u00d2mnia de l&#8217;Hospitalet<\/strong>. Trobada festiva per commemorar el 8 de mar\u00e7. Pot llegir la cr\u00f2nica sencera <a href=\"https:\/\/bloglhosfera.wordpress.com\/2025\/03\/11\/8m-2025\/\" data-type=\"link\" data-id=\"https:\/\/bloglhosfera.wordpress.com\/2025\/03\/11\/8m-2025\/\">aqu\u00ed.<\/a><\/p>\n\n\n\n<figure class=\"wp-block-image size-full\"><img loading=\"lazy\" decoding=\"async\" width=\"1296\" height=\"972\" src=\"https:\/\/bloc.xarxa-omnia.org\/omniaakwaba\/files\/2025\/03\/IMG-20250305-WA0025-1.jpg\" alt=\"\" class=\"wp-image-4065\" \/><\/figure>\n\n\n\n<figure class=\"wp-block-gallery has-nested-images columns-default is-cropped wp-block-gallery-3 is-layout-flex wp-block-gallery-is-layout-flex\">\n<figure class=\"wp-block-image size-large\"><img loading=\"lazy\" decoding=\"async\" width=\"4080\" height=\"3060\" data-id=\"4054\" src=\"https:\/\/bloc.xarxa-omnia.org\/omniaakwaba\/files\/2025\/03\/20250305_104918.jpg\" alt=\"\" class=\"wp-image-4054\" \/><\/figure>\n\n\n\n<figure class=\"wp-block-image size-large\"><img loading=\"lazy\" decoding=\"async\" width=\"1920\" height=\"1080\" data-id=\"4061\" src=\"https:\/\/bloc.xarxa-omnia.org\/omniaakwaba\/files\/2025\/03\/1741179432450.jpg\" alt=\"\" class=\"wp-image-4061\" \/><\/figure>\n\n\n\n<figure class=\"wp-block-image size-large\"><img loading=\"lazy\" decoding=\"async\" width=\"4080\" height=\"3060\" data-id=\"4055\" src=\"https:\/\/bloc.xarxa-omnia.org\/omniaakwaba\/files\/2025\/03\/20250305_105338.jpg\" alt=\"\" class=\"wp-image-4055\" \/><\/figure>\n\n\n\n<figure class=\"wp-block-image size-large\"><img loading=\"lazy\" decoding=\"async\" width=\"723\" height=\"703\" data-id=\"4057\" src=\"https:\/\/bloc.xarxa-omnia.org\/omniaakwaba\/files\/2025\/03\/Captura-de-pantalla-de-2025-03-11-11-00-41.png\" alt=\"\" class=\"wp-image-4057\" \/><\/figure>\n\n\n\n<figure class=\"wp-block-image size-large\"><img loading=\"lazy\" decoding=\"async\" width=\"375\" height=\"622\" data-id=\"4058\" src=\"https:\/\/bloc.xarxa-omnia.org\/omniaakwaba\/files\/2025\/03\/Captura-de-pantalla-de-2025-03-11-10-41-58.png\" alt=\"\" class=\"wp-image-4058\" \/><\/figure>\n\n\n\n<figure class=\"wp-block-image size-large\"><img loading=\"lazy\" decoding=\"async\" width=\"1200\" height=\"1600\" data-id=\"4062\" src=\"https:\/\/bloc.xarxa-omnia.org\/omniaakwaba\/files\/2025\/03\/IMG-20250305-WA0033.jpg\" alt=\"\" class=\"wp-image-4062\" \/><\/figure>\n\n\n\n<figure class=\"wp-block-image size-large\"><img loading=\"lazy\" decoding=\"async\" width=\"4080\" height=\"2288\" data-id=\"4059\" src=\"https:\/\/bloc.xarxa-omnia.org\/omniaakwaba\/files\/2025\/03\/IMG_20250305_110732.jpg\" alt=\"\" class=\"wp-image-4059\" \/><\/figure>\n\n\n\n<figure class=\"wp-block-image size-full\"><img loading=\"lazy\" decoding=\"async\" width=\"412\" height=\"601\" data-id=\"4066\" src=\"https:\/\/bloc.xarxa-omnia.org\/omniaakwaba\/files\/2025\/03\/image.png\" alt=\"Aquesta imatge t\u00e9 l'atribut alt buit; el seu nom \u00e9s Captura-de-pantalla-de-2025-03-11-10-42-34.png\" class=\"wp-image-4066\" \/><\/figure>\n\n\n\n<figure class=\"wp-block-image size-large\"><img loading=\"lazy\" decoding=\"async\" width=\"4080\" height=\"3060\" data-id=\"4064\" src=\"https:\/\/bloc.xarxa-omnia.org\/omniaakwaba\/files\/2025\/03\/20250305_125002.jpg\" alt=\"\" class=\"wp-image-4064\" \/><\/figure>\n<\/figure>\n\n\n\n<p>&#8211; Dimecres, 5 de mar\u00e7 a les 17:30 h. <strong>Cinef\u00f2rum en col\u00b7laboraci\u00f3 amb la Xarxa d&#8217;intercanvi i coneixements (XIC)<\/strong>, vam projectar la pel\u00b7l\u00edcula &#8220;Figuras ocultas&#8221;. Al col\u00b7loqui que es va fer despr\u00e9s de la visualitzaci\u00f3 van sortir moltes coses interessants.<\/p>\n\n\n<div class=\"wp-block-image\">\n<figure class=\"aligncenter size-full is-resized\"><img loading=\"lazy\" decoding=\"async\" width=\"1131\" height=\"1600\" src=\"https:\/\/bloc.xarxa-omnia.org\/omniaakwaba\/files\/2025\/03\/WhatsApp-Image-2025-03-01-at-14.18.21.jpeg\" alt=\"\" class=\"wp-image-4067\" style=\"width:283px;height:auto\" \/><\/figure><\/div>\n\n\n<p>&#8211; Dijous, 6 de mar\u00e7. <strong>Teatre Joventut. Can\u00e7ons que acaben en fade out. CAID<\/strong><\/p>\n\n\n\n<figure class=\"wp-block-gallery has-nested-images columns-default is-cropped wp-block-gallery-4 is-layout-flex wp-block-gallery-is-layout-flex\">\n<figure class=\"wp-block-image size-large\"><img loading=\"lazy\" decoding=\"async\" width=\"8160\" height=\"6120\" data-id=\"4074\" src=\"https:\/\/bloc.xarxa-omnia.org\/omniaakwaba\/files\/2025\/03\/20250306_171452.jpg\" alt=\"\" class=\"wp-image-4074\" \/><\/figure>\n\n\n\n<figure class=\"wp-block-image size-large\"><img loading=\"lazy\" decoding=\"async\" width=\"3639\" height=\"3060\" data-id=\"4073\" src=\"https:\/\/bloc.xarxa-omnia.org\/omniaakwaba\/files\/2025\/03\/20250306_164431.jpg\" alt=\"\" class=\"wp-image-4073\" \/><\/figure>\n<\/figure>\n\n\n\n<p><\/p>\n\n\n\n<p>&#8211; Dimecres, 12 de mar\u00e7, de 10 a 13 h. <strong>Visita a l&#8217;exposici\u00f3 Pilar Aymerich. Mem\u00f2ria viscuda<\/strong>. Amb les nostres companyes del Punt \u00d2mnia Jis-Arrels, vam anar a veure aquesta gran exposici\u00f3.<\/p>\n\n\n\n<figure class=\"wp-block-gallery has-nested-images columns-default is-cropped wp-block-gallery-5 is-layout-flex wp-block-gallery-is-layout-flex\">\n<figure class=\"wp-block-image size-large\"><img loading=\"lazy\" decoding=\"async\" width=\"2529\" height=\"1660\" data-id=\"4069\" src=\"https:\/\/bloc.xarxa-omnia.org\/omniaakwaba\/files\/2025\/03\/20250312_110213.jpg\" alt=\"\" class=\"wp-image-4069\" \/><\/figure>\n\n\n\n<figure class=\"wp-block-image size-large\"><img loading=\"lazy\" decoding=\"async\" width=\"4080\" height=\"2296\" data-id=\"4071\" src=\"https:\/\/bloc.xarxa-omnia.org\/omniaakwaba\/files\/2025\/03\/20250312_120755.jpg\" alt=\"\" class=\"wp-image-4071\" \/><\/figure>\n\n\n\n<figure class=\"wp-block-image size-large\"><img loading=\"lazy\" decoding=\"async\" width=\"4080\" height=\"2296\" data-id=\"4072\" src=\"https:\/\/bloc.xarxa-omnia.org\/omniaakwaba\/files\/2025\/03\/20250312_115943.jpg\" alt=\"\" class=\"wp-image-4072\" \/><\/figure>\n\n\n\n<figure class=\"wp-block-image size-large\"><img loading=\"lazy\" decoding=\"async\" width=\"3621\" height=\"2296\" data-id=\"4070\" src=\"https:\/\/bloc.xarxa-omnia.org\/omniaakwaba\/files\/2025\/03\/20250312_111332.jpg\" alt=\"\" class=\"wp-image-4070\" \/><\/figure>\n<\/figure>\n","protected":false},"excerpt":{"rendered":"<p>Una vegada m\u00e9s, encara que el 8 de mar\u00e7 ho hem de tenir present cada dia, \u00e9s el 8, i setmanes al voltant que fem m\u00e9s \u00e8mfasi en diverses activitats. &#8211; Dilluns, 3 de mar\u00e7, de 10 a 11:30h Dones que inspiren: Construint el nostre llegat. Activitat per fomentar la inspiraci\u00f3 i la reflexi\u00f3 sobre [&hellip;]<\/p>\n","protected":false},"author":153,"featured_media":4065,"comment_status":"closed","ping_status":"open","sticky":false,"template":"","format":"standard","meta":{"footnotes":""},"categories":[41],"tags":[],"class_list":{"0":"post-4041","1":"post","2":"type-post","3":"status-publish","4":"format-standard","5":"has-post-thumbnail","7":"category-omnia","8":"czr-hentry"},"_links":{"self":[{"href":"https:\/\/bloc.xarxa-omnia.org\/omniaakwaba\/wp-json\/wp\/v2\/posts\/4041","targetHints":{"allow":["GET"]}}],"collection":[{"href":"https:\/\/bloc.xarxa-omnia.org\/omniaakwaba\/wp-json\/wp\/v2\/posts"}],"about":[{"href":"https:\/\/bloc.xarxa-omnia.org\/omniaakwaba\/wp-json\/wp\/v2\/types\/post"}],"author":[{"embeddable":true,"href":"https:\/\/bloc.xarxa-omnia.org\/omniaakwaba\/wp-json\/wp\/v2\/users\/153"}],"replies":[{"embeddable":true,"href":"https:\/\/bloc.xarxa-omnia.org\/omniaakwaba\/wp-json\/wp\/v2\/comments?post=4041"}],"version-history":[{"count":4,"href":"https:\/\/bloc.xarxa-omnia.org\/omniaakwaba\/wp-json\/wp\/v2\/posts\/4041\/revisions"}],"predecessor-version":[{"id":4077,"href":"https:\/\/bloc.xarxa-omnia.org\/omniaakwaba\/wp-json\/wp\/v2\/posts\/4041\/revisions\/4077"}],"wp:featuredmedia":[{"embeddable":true,"href":"https:\/\/bloc.xarxa-omnia.org\/omniaakwaba\/wp-json\/wp\/v2\/media\/4065"}],"wp:attachment":[{"href":"https:\/\/bloc.xarxa-omnia.org\/omniaakwaba\/wp-json\/wp\/v2\/media?parent=4041"}],"wp:term":[{"taxonomy":"category","embeddable":true,"href":"https:\/\/bloc.xarxa-omnia.org\/omniaakwaba\/wp-json\/wp\/v2\/categories?post=4041"},{"taxonomy":"post_tag","embeddable":true,"href":"https:\/\/bloc.xarxa-omnia.org\/omniaakwaba\/wp-json\/wp\/v2\/tags?post=4041"}],"curies":[{"name":"wp","href":"https:\/\/api.w.org\/{rel}","templated":true}]}}