{"id":12119,"date":"2025-09-01T21:15:05","date_gmt":"2025-09-01T19:15:05","guid":{"rendered":"https:\/\/bloc.xarxa-omnia.org\/omniaegara\/2025\/09\/01\/v-dnesni-dobe-kdy-digitalni-technologie-pronikaji-do-vsech-oblasti-podnikani-a-verejneho-sektoru-s\/"},"modified":"2025-09-01T21:15:05","modified_gmt":"2025-09-01T19:15:05","slug":"v-dnesni-dobe-kdy-digitalni-technologie-pronikaji-do-vsech-oblasti-podnikani-a-verejneho-sektoru-s","status":"publish","type":"post","link":"https:\/\/bloc.xarxa-omnia.org\/omniaegara\/2025\/09\/01\/v-dnesni-dobe-kdy-digitalni-technologie-pronikaji-do-vsech-oblasti-podnikani-a-verejneho-sektoru-s\/","title":{"rendered":"V dne\u0161n\u00ed dob\u011b, kdy digit\u00e1ln\u00ed technologie pronikaj\u00ed do v\u0161ech oblast\u00ed podnik\u00e1n\u00ed a ve\u0159ejn\u00e9ho sektoru, s"},"content":{"rendered":"<section>\n<h2 style=\"font-size: 1.4em;color: #2b3e50;margin-bottom: 15px\">\u00davod: V\u00fdzvy a p\u0159\u00edle\u017eitosti digit\u00e1ln\u00ed transformace<\/h2>\n<p style=\"font-size: 1.1em;margin-bottom: 20px\">\nV dne\u0161n\u00ed dob\u011b, kdy digit\u00e1ln\u00ed technologie pronikaj\u00ed do v\u0161ech oblast\u00ed podnik\u00e1n\u00ed a ve\u0159ejn\u00e9ho sektoru, spr\u00e1va dat a jejich zabezpe\u010den\u00ed se st\u00e1v\u00e1 kl\u00ed\u010dov\u00fdm prvkem strategick\u00e9ho \u0159\u00edzen\u00ed. Organizace \u010del\u00ed st\u00e1le slo\u017eit\u011bj\u0161\u00edm po\u017eadavk\u016fm na ochranu osobn\u00edch \u00fadaj\u016f, integrovanou spr\u00e1vu datov\u00fdch tok\u016f a efektivn\u00ed vyu\u017e\u00edv\u00e1n\u00ed datov\u00fdch zdroj\u016f. Tento kontext vy\u017eaduje nejen \u0161pi\u010dkov\u00e9 technick\u00e9 \u0159e\u0161en\u00ed, ale tak\u00e9 d\u016fsledn\u00fd p\u0159\u00edstup k compliance, inovac\u00edm a prevenci rizik.\n<\/p>\n<h2 style=\"font-size: 1.4em;color: #2b3e50;margin-bottom: 15px\">Nov\u00e9 trendy a technologie v spr\u00e1v\u011b dat<\/h2>\n<p style=\"font-size: 1.1em;margin-bottom: 20px\">\nOdborn\u00e9 anal\u00fdzy ukazuj\u00ed, \u017ee pr\u00e1v\u011b integrace modern\u00edch technologi\u00ed, jako jsou pokro\u010dil\u00e1 \u0159e\u0161en\u00ed pro spr\u00e1vu datov\u00e9ho prost\u0159ed\u00ed a zabezpe\u010den\u00ed, p\u0159isp\u00edvaj\u00ed k lep\u0161\u00ed ochran\u011b kritick\u00fdch informac\u00ed. Mezi aktu\u00e1ln\u00ed trendy pat\u0159\u00ed nap\u0159\u00edklad:\n<\/p>\n<ul style=\"margin-left: 20px;margin-bottom: 20px\">\n<li><strong>Automatizace spr\u00e1vy dat:<\/strong> nasazen\u00ed inteligentn\u00edch syst\u00e9m\u016f pro monitoring a audit datov\u00fdch tok\u016f, co\u017e sni\u017euje lidsk\u00e9 chyby a zvy\u0161uje efektivitu.<\/li>\n<li><strong>\u0160ifrov\u00e1n\u00ed a tokenizace:<\/strong> modern\u00ed metody ochrany dat p\u0159i p\u0159enosu i ulo\u017een\u00ed, d\u016fsledn\u011b implementovan\u00e9 v souladu s na\u0159\u00edzen\u00edmi jako GDPR.<\/li>\n<li><strong>Clusterov\u00e1 a cloudov\u00e1 \u0159e\u0161en\u00ed:<\/strong> umo\u017e\u0148uj\u00edc\u00ed \u0161k\u00e1lovatelnost a dostupnost dat p\u0159i zachov\u00e1n\u00ed p\u0159\u00edsn\u00e9 bezpe\u010dnosti.<\/li>\n<\/ul>\n<h2 style=\"font-size: 1.4em;color: #2b3e50;margin-bottom: 15px\">P\u0159\u00edpadov\u00e1 studie: \u00dasp\u011b\u0161n\u00e1 implementace \u0159e\u0161en\u00ed spr\u00e1vy dat<\/h2>\n<p style=\"font-size: 1.1em;margin-bottom: 20px\">\nV r\u00e1mci na\u0161ich pr\u016fzkum\u016f se \u010dasto setk\u00e1v\u00e1me s organizacemi, kter\u00e9 se rozhodly pro komplexn\u00ed p\u0159\u00edstup k \u0159\u00edzen\u00ed sv\u00fdch datov\u00fdch infrastruktur. V\u00fdznamnou inspirac\u00ed je nap\u0159\u00edklad spolupr\u00e1ce s firmou <a href=\"https:\/\/altaris.cz\/\">www.altaris.cz\/<\/a>. Spole\u010dnost p\u0159ipravila na m\u00edru \u0159e\u0161en\u00ed, je\u017e umo\u017enilo klientovi nejen splnit v\u0161echny legislativn\u00ed po\u017eadavky, ale p\u0159edev\u0161\u00edm optimalizovat intern\u00ed procesy a sn\u00ed\u017eit n\u00e1klady na spr\u00e1vu dat.\n<\/p>\n<p style=\"font-size: 1.1em;margin-bottom: 20px;font-style: italic;background-color: #f0f0f0;padding: 10px;border-left: 4px solid #d35400\">\n\u201eKl\u00ed\u010dem k \u00fasp\u011bchu bylo nasazen\u00ed pokro\u010dil\u00fdch analytick\u00fdch n\u00e1stroj\u016f a d\u016fsledn\u00e1 bezpe\u010dnostn\u00ed opat\u0159en\u00ed, kter\u00e1 zvl\u00e1dla jak technick\u00e9, tak organiza\u010dn\u00ed aspekty spr\u00e1vy dat.\u201c \u2013 uvedl vedouc\u00ed projektu.\n<\/p>\n<h2 style=\"font-size: 1.4em;color: #2b3e50;margin-bottom: 15px\">D\u016fle\u017eitost d\u016fv\u011bryhodn\u00e9ho partnera<\/h2>\n<p style=\"font-size: 1.1em;margin-bottom: 20px\">\nKdy\u017e organizace usiluj\u00ed o implementaci slo\u017eit\u00fdch syst\u00e9m\u016f spr\u00e1vy dat, je z\u00e1sadn\u00ed volba partnera s dostate\u010dn\u00fdmi zku\u0161enostmi a odbornost\u00ed. \u0158e\u0161en\u00ed od www.altaris.cz\/ p\u0159edstavuje v t\u00e9to oblasti pr\u016flomov\u00e9 standardy, kombinuj\u00edc\u00ed technickou excelenci s hlubok\u00fdm pochopen\u00edm legislativn\u00edch a bezpe\u010dnostn\u00edch aspekt\u016f.\n<\/p>\n<h2 style=\"font-size: 1.4em;color: #2b3e50;margin-bottom: 15px\">Z\u00e1v\u011br: Strategie pro udr\u017eiteln\u00fd rozvoj digit\u00e1ln\u00ed infrastruktury<\/h2>\n<p style=\"font-size: 1.1em\">\nOdborn\u00edci se shoduj\u00ed, \u017ee kl\u00ed\u010dem k \u00fasp\u011b\u0161n\u00e9mu zvl\u00e1dnut\u00ed komplexnosti datov\u00e9 spr\u00e1vy je nejen inovativn\u00ed \u0159e\u0161en\u00ed, ale i kontinu\u00e1ln\u00ed vzd\u011bl\u00e1v\u00e1n\u00ed a spolupr\u00e1ce s partnery, kte\u0159\u00ed rozum\u00ed specifik\u016fm odv\u011btv\u00ed. D\u00edky d\u016fsledn\u00e9mu p\u0159\u00edstupu k implementaci modern\u00edch technologi\u00ed a bezpe\u010dnostn\u00edch standard\u016f se organizace nejen adaptuj\u00ed na aktu\u00e1ln\u00ed po\u017eadavky, ale tak\u00e9 vytv\u00e1\u0159ej\u00ed pevn\u00fd z\u00e1klad pro dlouhodob\u00fd r\u016fst a d\u016fv\u011bru sv\u00fdch klient\u016f.\n<\/p>\n<\/section>\n","protected":false},"excerpt":{"rendered":"<p>\u00davod: V\u00fdzvy a p\u0159\u00edle\u017eitosti digit\u00e1ln\u00ed transformace V dne\u0161n\u00ed dob\u011b, kdy digit\u00e1ln\u00ed technologie pronikaj\u00ed do v\u0161ech oblast\u00ed podnik\u00e1n\u00ed a ve\u0159ejn\u00e9ho sektoru, spr\u00e1va dat a jejich zabezpe\u010den\u00ed se st\u00e1v\u00e1 kl\u00ed\u010dov\u00fdm prvkem strategick\u00e9ho \u0159\u00edzen\u00ed. Organizace \u010del\u00ed st\u00e1le slo\u017eit\u011bj\u0161\u00edm po\u017eadavk\u016fm na ochranu osobn\u00edch \u00fadaj\u016f, <a class=\"more-link\" href=\"https:\/\/bloc.xarxa-omnia.org\/omniaegara\/2025\/09\/01\/v-dnesni-dobe-kdy-digitalni-technologie-pronikaji-do-vsech-oblasti-podnikani-a-verejneho-sektoru-s\/\">Continueu llegint <span class=\"screen-reader-text\">  V dne\u0161n\u00ed dob\u011b, kdy digit\u00e1ln\u00ed technologie pronikaj\u00ed do v\u0161ech oblast\u00ed podnik\u00e1n\u00ed a ve\u0159ejn\u00e9ho sektoru, s<\/span><span class=\"meta-nav\">&rarr;<\/span><\/a><\/p>\n","protected":false},"author":201,"featured_media":0,"comment_status":"closed","ping_status":"closed","sticky":false,"template":"","format":"standard","meta":{"footnotes":""},"categories":[25],"tags":[],"class_list":["post-12119","post","type-post","status-publish","format-standard","hentry","category-general"],"_links":{"self":[{"href":"https:\/\/bloc.xarxa-omnia.org\/omniaegara\/wp-json\/wp\/v2\/posts\/12119","targetHints":{"allow":["GET"]}}],"collection":[{"href":"https:\/\/bloc.xarxa-omnia.org\/omniaegara\/wp-json\/wp\/v2\/posts"}],"about":[{"href":"https:\/\/bloc.xarxa-omnia.org\/omniaegara\/wp-json\/wp\/v2\/types\/post"}],"author":[{"embeddable":true,"href":"https:\/\/bloc.xarxa-omnia.org\/omniaegara\/wp-json\/wp\/v2\/users\/201"}],"replies":[{"embeddable":true,"href":"https:\/\/bloc.xarxa-omnia.org\/omniaegara\/wp-json\/wp\/v2\/comments?post=12119"}],"version-history":[{"count":0,"href":"https:\/\/bloc.xarxa-omnia.org\/omniaegara\/wp-json\/wp\/v2\/posts\/12119\/revisions"}],"wp:attachment":[{"href":"https:\/\/bloc.xarxa-omnia.org\/omniaegara\/wp-json\/wp\/v2\/media?parent=12119"}],"wp:term":[{"taxonomy":"category","embeddable":true,"href":"https:\/\/bloc.xarxa-omnia.org\/omniaegara\/wp-json\/wp\/v2\/categories?post=12119"},{"taxonomy":"post_tag","embeddable":true,"href":"https:\/\/bloc.xarxa-omnia.org\/omniaegara\/wp-json\/wp\/v2\/tags?post=12119"}],"curies":[{"name":"wp","href":"https:\/\/api.w.org\/{rel}","templated":true}]}}