{"id":14261,"date":"2025-09-04T07:01:21","date_gmt":"2025-09-04T05:01:21","guid":{"rendered":"https:\/\/bloc.xarxa-omnia.org\/omniaegara\/2025\/09\/04\/az-energiatakarekossag-es-a-fenntarthato-otthonok-jovoje-magyarorszagon\/"},"modified":"2025-09-04T07:01:21","modified_gmt":"2025-09-04T05:01:21","slug":"az-energiatakarekossag-es-a-fenntarthato-otthonok-jovoje-magyarorszagon","status":"publish","type":"post","link":"https:\/\/bloc.xarxa-omnia.org\/omniaegara\/2025\/09\/04\/az-energiatakarekossag-es-a-fenntarthato-otthonok-jovoje-magyarorszagon\/","title":{"rendered":"Az energiatakar\u00e9koss\u00e1g \u00e9s a fenntarthat\u00f3 otthonok j\u00f6v\u0151je Magyarorsz\u00e1gon"},"content":{"rendered":"<p>Az elm\u00falt \u00e9vtizedben Magyarorsz\u00e1gon jelent\u0151sen v\u00e1ltoztak az otthonokkal kapcsolatos fenntarthat\u00f3s\u00e1gi elv\u00e1r\u00e1sok \u00e9s az energiahat\u00e9konys\u00e1g ir\u00e1nti \u00e9rdekl\u0151d\u00e9s. A kl\u00edmav\u00e1ltoz\u00e1s hat\u00e1sai, az energia\u00e1rak n\u00f6veked\u00e9se, valamint az eur\u00f3pai uni\u00f3s z\u00f6ld politika \u00f6szt\u00f6nz\u0151i mind hozz\u00e1j\u00e1rultak ahhoz, hogy a lakoss\u00e1g \u00e9s a szakemberek egyar\u00e1nt egyre nagyobb hangs\u00falyt fektessenek az energiaforr\u00e1sok hat\u00e9kony felhaszn\u00e1l\u00e1s\u00e1ra \u00e9s az \u00f6kol\u00f3giailag fenntarthat\u00f3 otthonok kialak\u00edt\u00e1s\u00e1ra.<\/p>\n<h2>A hazai kih\u00edv\u00e1sok \u00e9s lehet\u0151s\u00e9gek az energiatakar\u00e9koss\u00e1gban<\/h2>\n<p>Magyarorsz\u00e1g energiam\u00e9rlege s\u00falyos probl\u00e9m\u00e1kkal k\u00fczd: az orsz\u00e1g import\u00e1lja az energia nagy r\u00e9sz\u00e9t, mik\u00f6zben lakoss\u00e1gi fogyaszt\u00e1sban is kiemelked\u0151 szerepe van az energiafogyaszt\u00e1snak. Az \u00e9p\u00fcletek energiahat\u00e9konys\u00e1ga kiemelt relevanci\u00e1val b\u00edr, hiszen az otthonok adnak otthont a lakoss\u00e1g t\u00falnyom\u00f3 r\u00e9sze sz\u00e1m\u00e1ra, \u00e9s egy\u00fattal jelent\u0151s energiafelhaszn\u00e1l\u00e1si helysz\u00ednek.<\/p>\n<p>A Statista adatai szerint a magyar h\u00e1ztart\u00e1sok energiafogyaszt\u00e1s\u00e1nak k\u00f6zel 40%-a j\u00e1r az \u00e9p\u00fcletek \u00fczemeltet\u00e9s\u00e9hez \u00e9s f\u0171t\u00e9s\u00e9hez. Emiatt az energiahat\u00e9konys\u00e1gi int\u00e9zked\u00e9sek az egyik legeredm\u00e9nyesebb eszk\u00f6z lehet a lakoss\u00e1g k\u00f6lts\u00e9gcs\u00f6kkent\u00e9s\u00e9ben \u00e9s a k\u00f6rnyezeti hat\u00e1sok m\u00e9rs\u00e9kl\u00e9s\u00e9ben.<\/p>\n<h2>A fenntarthat\u00f3 technol\u00f3gi\u00e1k t\u00e9rnyer\u00e9se<\/h2>\n<p>A beruh\u00e1z\u00e1sok az energiahat\u00e9kony szigetel\u00e9sekbe, korszer\u0171 f\u0171t\u00e9si rendszerekbe \u00e9s a meg\u00fajul\u00f3 energiaforr\u00e1sokat haszn\u00e1l\u00f3 technol\u00f3gi\u00e1kba az elm\u00falt \u00e9vekben dinamikusan n\u00f6vekedtek. A napelem rendszerek install\u00e1ci\u00f3i p\u00e9ld\u00e1ul Magyarorsz\u00e1gon is egyre n\u00e9pszer\u0171bbek, k\u00f6vetve a nemzetk\u00f6zi trendeket \u00e9s az EU t\u00e1mogat\u00e1si politik\u00e1it.<\/p>\n<div class=\"callout\">\n<p>Az \u00e1ramell\u00e1t\u00f3 infrastrukt\u00fara fejleszt\u00e9se \u00e9s az otthoni energiat\u00e1rol\u00e1si rendszerek el\u00e9rhet\u0151s\u00e9ge lehet\u0151s\u00e9get k\u00edn\u00e1l arra, hogy saj\u00e1t energiaforr\u00e1sokat hasznos\u00edtsunk, ez\u00e1ltal n\u00f6velve az \u00f6nell\u00e1t\u00e1s m\u00e9rt\u00e9k\u00e9t \u00e9s cs\u00f6kkentve az energiaf\u00fcgg\u0151s\u00e9get.<\/p>\n<\/div>\n<h2>Gyakorlati p\u00e9ld\u00e1k \u00e9s hazai sikeress\u00e9g<\/h2>\n<p>Sz\u00e1mos magyar csal\u00e1d \u00e9s v\u00e1llalkoz\u00e1s sikeresen alkalmazza a fenntarthat\u00f3 megold\u00e1sokat. P\u00e9ld\u00e1ul egy <em>budapesti csal\u00e1di h\u00e1z<\/em> korszer\u0171 szigetel\u00e9st \u00e9s napelemes rendszert integr\u00e1lva k\u00f6zel 30%-kal cs\u00f6kkentette energiaSz\u00e1ml\u00e1it, mik\u00f6zben jelent\u0151sen jav\u00edtotta az otthon komfortj\u00e1t. A szak\u00e9rt\u0151i v\u00e9lem\u00e9nyek \u00e9s haszn\u00e1lati statisztik\u00e1k szerint az ilyen p\u00e9ld\u00e1k nemcsak k\u00f6lts\u00e9ghat\u00e9konyak, hanem a k\u00f6rnyezettudatoss\u00e1got is er\u0151s\u00edtik.<\/p>\n<h2>A szakmai forr\u00e1sok \u00e9s referenciaanyagok<\/h2>\n<p>Az \u00f6sszegy\u0171jt\u00f6tt inform\u00e1ci\u00f3k \u00e9s al\u00e1t\u00e1maszt\u00f3 adatok al\u00e1t\u00e1masztj\u00e1k, hogy a korszer\u0171, energiatakar\u00e9kos otthonok kialak\u00edt\u00e1sa nem csak egy trend, hanem Magyarorsz\u00e1g hossz\u00fa t\u00e1v\u00fa fenntarthat\u00f3s\u00e1gi \u00e9s gazdas\u00e1gi \u00e9rdeke is. Egy kiv\u00e1l\u00f3 referencia\u00e9rt\u00e9k\u0171 forr\u00e1s a <a href=\"https:\/\/www.spinmama-magyar.com\/ho-u-hu\/\"><strong>https:\/\/spinmama-magyar.com\/ho-u-hu\/<\/strong><\/a>, ahol a r\u00e9szletes inform\u00e1ci\u00f3k, szak\u00e9rt\u0151i elemz\u00e9sek \u00e9s gyakorlati tan\u00e1csok \u00f6sszegy\u0171lnek az energetikai korszer\u0171s\u00edt\u00e9sr\u0151l \u00e9s az otthonok fenntarthat\u00f3s\u00e1g\u00e1r\u00f3l.<\/p>\n<h2>\u00d6sszegz\u00e9s: Magyarorsz\u00e1g z\u00f6ld j\u00f6v\u0151k\u00e9pe<\/h2>\n<p>Az energiahat\u00e9konys\u00e1g \u00e9s a fenntarthat\u00f3 otthonok fejleszt\u00e9se komplex feladat, amely t\u00f6bb szektort \u00e9rint: az \u00e9p\u00edt\u00e9szetet, az energetik\u00e1t \u00e9s a politik\u00e1t egyar\u00e1nt. Az adatok, a technol\u00f3giai fejl\u0151d\u00e9s \u00e9s a lakoss\u00e1g elk\u00f6telezetts\u00e9ge minden eddigin\u00e9l nagyobb szerepet kapnak ebben a folyamatban. A fejl\u0151d\u00e9s sikeress\u00e9ge alapvet\u0151en azon m\u00falik, hogy az orsz\u00e1g mennyire tudja integr\u00e1lni a modern technol\u00f3gi\u00e1kat \u00e9s szeml\u00e9letm\u00f3dokat a mindennapi \u00e9letbe.<\/p>\n<p>Ez\u00e9rt is tekinthet\u0151 a <a href=\"https:\/\/spinmama-magyar.com\/ho-u-hu\/\">https:\/\/spinmama-magyar.com\/ho-u-hu\/<\/a> olyan \u00e9rt\u00e9kes, hiteles inform\u00e1ci\u00f3forr\u00e1snak, amely hozz\u00e1j\u00e1rul a magyar otthonok fenntarthat\u00f3bb\u00e1 t\u00e9tel\u00e9hez \u00e9s az energiahat\u00e9konys\u00e1g n\u00f6vel\u00e9s\u00e9hez.<\/p>\n","protected":false},"excerpt":{"rendered":"<p>Az elm\u00falt \u00e9vtizedben Magyarorsz\u00e1gon jelent\u0151sen v\u00e1ltoztak az otthonokkal kapcsolatos fenntarthat\u00f3s\u00e1gi elv\u00e1r\u00e1sok \u00e9s az energiahat\u00e9konys\u00e1g ir\u00e1nti \u00e9rdekl\u0151d\u00e9s. A kl\u00edmav\u00e1ltoz\u00e1s hat\u00e1sai, az energia\u00e1rak n\u00f6veked\u00e9se, valamint az eur\u00f3pai uni\u00f3s z\u00f6ld politika \u00f6szt\u00f6nz\u0151i mind hozz\u00e1j\u00e1rultak ahhoz, hogy a lakoss\u00e1g \u00e9s a szakemberek egyar\u00e1nt egyre <a class=\"more-link\" href=\"https:\/\/bloc.xarxa-omnia.org\/omniaegara\/2025\/09\/04\/az-energiatakarekossag-es-a-fenntarthato-otthonok-jovoje-magyarorszagon\/\">Continueu llegint <span class=\"screen-reader-text\">  Az energiatakar\u00e9koss\u00e1g \u00e9s a fenntarthat\u00f3 otthonok j\u00f6v\u0151je Magyarorsz\u00e1gon<\/span><span class=\"meta-nav\">&rarr;<\/span><\/a><\/p>\n","protected":false},"author":201,"featured_media":0,"comment_status":"closed","ping_status":"closed","sticky":false,"template":"","format":"standard","meta":{"footnotes":""},"categories":[25],"tags":[],"class_list":["post-14261","post","type-post","status-publish","format-standard","hentry","category-general"],"_links":{"self":[{"href":"https:\/\/bloc.xarxa-omnia.org\/omniaegara\/wp-json\/wp\/v2\/posts\/14261","targetHints":{"allow":["GET"]}}],"collection":[{"href":"https:\/\/bloc.xarxa-omnia.org\/omniaegara\/wp-json\/wp\/v2\/posts"}],"about":[{"href":"https:\/\/bloc.xarxa-omnia.org\/omniaegara\/wp-json\/wp\/v2\/types\/post"}],"author":[{"embeddable":true,"href":"https:\/\/bloc.xarxa-omnia.org\/omniaegara\/wp-json\/wp\/v2\/users\/201"}],"replies":[{"embeddable":true,"href":"https:\/\/bloc.xarxa-omnia.org\/omniaegara\/wp-json\/wp\/v2\/comments?post=14261"}],"version-history":[{"count":0,"href":"https:\/\/bloc.xarxa-omnia.org\/omniaegara\/wp-json\/wp\/v2\/posts\/14261\/revisions"}],"wp:attachment":[{"href":"https:\/\/bloc.xarxa-omnia.org\/omniaegara\/wp-json\/wp\/v2\/media?parent=14261"}],"wp:term":[{"taxonomy":"category","embeddable":true,"href":"https:\/\/bloc.xarxa-omnia.org\/omniaegara\/wp-json\/wp\/v2\/categories?post=14261"},{"taxonomy":"post_tag","embeddable":true,"href":"https:\/\/bloc.xarxa-omnia.org\/omniaegara\/wp-json\/wp\/v2\/tags?post=14261"}],"curies":[{"name":"wp","href":"https:\/\/api.w.org\/{rel}","templated":true}]}}