{"id":14472,"date":"2025-09-04T10:40:23","date_gmt":"2025-09-04T08:40:23","guid":{"rendered":"https:\/\/bloc.xarxa-omnia.org\/omniaegara\/2025\/09\/04\/transformacja-energetyczna-w-polsce-wyzwania-i-perspektywy-dla-regionalnych-inicjatyw\/"},"modified":"2025-09-04T10:40:23","modified_gmt":"2025-09-04T08:40:23","slug":"transformacja-energetyczna-w-polsce-wyzwania-i-perspektywy-dla-regionalnych-inicjatyw","status":"publish","type":"post","link":"https:\/\/bloc.xarxa-omnia.org\/omniaegara\/2025\/09\/04\/transformacja-energetyczna-w-polsce-wyzwania-i-perspektywy-dla-regionalnych-inicjatyw\/","title":{"rendered":"Transformacja energetyczna w Polsce: wyzwania i perspektywy dla regionalnych inicjatyw"},"content":{"rendered":"<p>W obliczu globalnych cel\u00f3w neutralno\u015bci klimatycznej oraz rosn\u0105cej presji na redukcj\u0119 emisji gaz\u00f3w cieplarnianych, Polska stoi na rozdro\u017cu swojego rozwoju energetycznego. Kwestia transformacji energetycznej nie jest ju\u017c tylko wyzwaniem dla du\u017cych korporacji czy instytucji rz\u0105dowych, lecz ro\u015bnie jako priorytet dla lokalnych spo\u0142eczno\u015bci i organizacji pozarz\u0105dowych, kt\u00f3re d\u0105\u017c\u0105 do zr\u00f3wnowa\u017conego rozwoju regionalnego.<\/p>\n<h2>Wyzwania stoj\u0105ce przed polsk\u0105 transformacj\u0105 energetyczn\u0105<\/h2>\n<p>Polska, jako jeden z najwi\u0119kszych emitent\u00f3w CO2 w Unii Europejskiej, musi pogodzi\u0107 konieczno\u015b\u0107 dekarbonizacji z zapewnieniem bezpiecze\u0144stwa energetycznego i rozwoju gospodarczego. Analiza bran\u017cowa wskazuje, \u017ce g\u0142\u00f3wne wyzwania obejmuj\u0105:<\/p>\n<ul>\n<li><strong>Stare \u017ar\u00f3d\u0142a energii<\/strong>: du\u017cy udzia\u0142 w\u0119gla w krajowym miksie energetycznym, kt\u00f3rego rola powoli maleje w miar\u0119 rozwoju odnawialnych \u017ar\u00f3de\u0142.<\/li>\n<li><strong>Infrastruktura przesy\u0142owa<\/strong>: konieczno\u015b\u0107 modernizacji sieci, aby sprosta\u0107 dynamicznie rosn\u0105cemu udzia\u0142owi energetyki odnawialnej.<\/li>\n<li><strong>Regulacje prawne i finansowanie<\/strong>: harmonizacja lokalnych polityk z unijnymi dyrektywami oraz dost\u0119p do \u015brodk\u00f3w na inicjatywy ekologiczne.<\/li>\n<li><strong>Akceptacja spo\u0142eczna<\/strong>: konieczno\u015b\u0107 budowania zaufania i edukacji spo\u0142eczno\u015bci lokalnych w zakresie korzy\u015bci p\u0142yn\u0105cych z zielonej energii.<\/li>\n<\/ul>\n<h2>Znaczenie regionalnych inicjatyw na rzecz zr\u00f3wnowa\u017conego rozwoju<\/h2>\n<p>W tym kontek\u015bcie, lokalne organizacje odgrywaj\u0105 kluczow\u0105 rol\u0119 w kreowaniu rozwi\u0105za\u0144 dostosowanych do specyfiki region\u00f3w. Przyk\u0142adem jest platforma <a href=\"https:\/\/www.corsaza.org.pl\/\"><strong>https:\/\/corsaza.org.pl\/<\/strong><\/a>, kt\u00f3ra funkcjonuje jako platforma wymiany wiedzy i do\u015bwiadcze\u0144 na rzecz wspierania inicjatyw energetycznych w regionach Polski.<\/p>\n<blockquote><p>\n\u201eZr\u00f3wnowa\u017cony rozw\u00f3j zaczyna si\u0119 od lokalnych spo\u0142eczno\u015bci. Ich zaanga\u017cowanie w projekty energetyczne przyczynia si\u0119 do tworzenia trwa\u0142ych rozwi\u0105za\u0144, kt\u00f3re \u0142\u0105cz\u0105 aspekty ekologiczne, gospodarcze i spo\u0142eczne.\u201d \u2014 Ekspert z dziedziny energetyki odnawialnej\n<\/p><\/blockquote>\n<h2>Przyk\u0142ady skutecznych inicjatyw regionalnych<\/h2>\n<table>\n<thead>\n<tr>\n<th>Region<\/th>\n<th>Typ inicjatywy<\/th>\n<th>Opis<\/th>\n<th>Wp\u0142yw spo\u0142eczny<\/th>\n<\/tr>\n<\/thead>\n<tbody>\n<tr>\n<td>Ma\u0142opolska<\/td>\n<td>Ma\u0142e elektrownie s\u0142oneczne<\/td>\n<td>Wsparcie dla lokalnych prosument\u00f3w w instalacji paneli fotowoltaicznych<\/td>\n<td>Zmniejszenie koszt\u00f3w energii, edukacja ekologiczna<\/td>\n<\/tr>\n<tr>\n<td>Podkarpacie<\/td>\n<td>Programy edukacyjne i warsztaty<\/td>\n<td>Podnoszenie \u015bwiadomo\u015bci spo\u0142ecznej na temat odnawialnych \u017ar\u00f3de\u0142 energii<\/td>\n<td>Wzrost aktywno\u015bci mieszka\u0144c\u00f3w, powstanie lokalnych lider\u00f3w<\/td>\n<\/tr>\n<tr>\n<td>Pomorze<\/td>\n<td>Rozw\u00f3j energetyki wiatrowej<\/td>\n<td>Lokalne inwestycje w farmy wiatrowe i ich integracja z sieci\u0105 energetyczn\u0105<\/td>\n<td>Zwi\u0119kszenie dost\u0119pno\u015bci energii, nowe miejsca pracy<\/td>\n<\/tr>\n<\/tbody>\n<\/table>\n<h2>Perspektywy i rekomendacje na przysz\u0142o\u015b\u0107<\/h2>\n<p>Kluczow\u0105 kwesti\u0105 pozostaje r\u00f3wnowa\u017cenie polityki wspierania odnawialnych \u017ar\u00f3de\u0142 energii z potrzebami spo\u0142eczno\u015bci regionalnych. Oto kilka rekomendacji:<\/p>\n<ol>\n<li><span class=\"highlight\">Rozbudowa infrastruktury<\/span> \u2013 inwestycje w sieci przesy\u0142owe, magazyny energii i inteligentne systemy zarz\u0105dzania.<\/li>\n<li><span class=\"highlight\">Wspieranie edukacji i dialogu spo\u0142ecznego<\/span> \u2013 zwi\u0119kszanie \u015bwiadomo\u015bci i akceptacji mieszka\u0144c\u00f3w poprzez kampanie informacyjne i szkolenia.<\/li>\n<li><span class=\"highlight\">Wsp\u00f3\u0142praca mi\u0119dzysektorowa<\/span> \u2013 \u0142\u0105czenie dzia\u0142a\u0144 samorz\u0105d\u00f3w, przedsi\u0119biorc\u00f3w, instytucji naukowych i organizacji pozarz\u0105dowych zgodnie z modelem zr\u00f3wnowa\u017conego rozwoju.<\/li>\n<li><span class=\"highlight\">Zabezpieczenie finansowania<\/span> \u2013 korzystanie z unijnych funduszy i krajowych program\u00f3w wspieraj\u0105cych inwestycje w OZE i modernizacj\u0119 energetyczn\u0105.<\/li>\n<\/ol>\n<h2>Wnioski<\/h2>\n<p>Transformacja energetyczna Polski to proces wieloaspektowy, wymagaj\u0105cy nie tylko du\u017cych nak\u0142ad\u00f3w finansowych, ale tak\u017ce wysokiego poziomu zaanga\u017cowania spo\u0142ecznego i wsp\u00f3\u0142pracy regionalnej. Inicjatywy opisane na platformie <a href=\"https:\/\/corsaza.org.pl\/\">https:\/\/corsaza.org.pl\/<\/a> exemplifikuj\u0105, jak lokalne spo\u0142eczno\u015bci mog\u0105 aktywnie uczestniczy\u0107 w tworzeniu zielonej przysz\u0142o\u015bci. W\u0142\u0105czenie region\u00f3w do krajowej strategii energetycznej to szansa na zr\u00f3wnowa\u017cony rozw\u00f3j, sprzyjaj\u0105cy ekologii i jako\u015bci \u017cycia mieszka\u0144c\u00f3w.<\/p>\n<p>Wsp\u00f3\u0142czesna transformacja energetyczna stanowi wyzwanie, ale r\u00f3wnie\u017c ogromn\u0105 szans\u0119, aby Polska mog\u0142a osi\u0105gn\u0105\u0107 ambitne cele klimatyczne, nie trac\u0105c przy tym na rozwoju lokalnej gospodarki i spo\u0142eczno\u015bci.<\/p>\n","protected":false},"excerpt":{"rendered":"<p>W obliczu globalnych cel\u00f3w neutralno\u015bci klimatycznej oraz rosn\u0105cej presji na redukcj\u0119 emisji gaz\u00f3w cieplarnianych, Polska stoi na rozdro\u017cu swojego rozwoju energetycznego. Kwestia transformacji energetycznej nie jest ju\u017c tylko wyzwaniem dla du\u017cych korporacji czy instytucji rz\u0105dowych, lecz ro\u015bnie jako priorytet dla <a class=\"more-link\" href=\"https:\/\/bloc.xarxa-omnia.org\/omniaegara\/2025\/09\/04\/transformacja-energetyczna-w-polsce-wyzwania-i-perspektywy-dla-regionalnych-inicjatyw\/\">Continueu llegint <span class=\"screen-reader-text\">  Transformacja energetyczna w Polsce: wyzwania i perspektywy dla regionalnych inicjatyw<\/span><span class=\"meta-nav\">&rarr;<\/span><\/a><\/p>\n","protected":false},"author":201,"featured_media":0,"comment_status":"closed","ping_status":"closed","sticky":false,"template":"","format":"standard","meta":{"footnotes":""},"categories":[25],"tags":[],"class_list":["post-14472","post","type-post","status-publish","format-standard","hentry","category-general"],"_links":{"self":[{"href":"https:\/\/bloc.xarxa-omnia.org\/omniaegara\/wp-json\/wp\/v2\/posts\/14472","targetHints":{"allow":["GET"]}}],"collection":[{"href":"https:\/\/bloc.xarxa-omnia.org\/omniaegara\/wp-json\/wp\/v2\/posts"}],"about":[{"href":"https:\/\/bloc.xarxa-omnia.org\/omniaegara\/wp-json\/wp\/v2\/types\/post"}],"author":[{"embeddable":true,"href":"https:\/\/bloc.xarxa-omnia.org\/omniaegara\/wp-json\/wp\/v2\/users\/201"}],"replies":[{"embeddable":true,"href":"https:\/\/bloc.xarxa-omnia.org\/omniaegara\/wp-json\/wp\/v2\/comments?post=14472"}],"version-history":[{"count":0,"href":"https:\/\/bloc.xarxa-omnia.org\/omniaegara\/wp-json\/wp\/v2\/posts\/14472\/revisions"}],"wp:attachment":[{"href":"https:\/\/bloc.xarxa-omnia.org\/omniaegara\/wp-json\/wp\/v2\/media?parent=14472"}],"wp:term":[{"taxonomy":"category","embeddable":true,"href":"https:\/\/bloc.xarxa-omnia.org\/omniaegara\/wp-json\/wp\/v2\/categories?post=14472"},{"taxonomy":"post_tag","embeddable":true,"href":"https:\/\/bloc.xarxa-omnia.org\/omniaegara\/wp-json\/wp\/v2\/tags?post=14472"}],"curies":[{"name":"wp","href":"https:\/\/api.w.org\/{rel}","templated":true}]}}