{"id":15662,"date":"2025-09-05T17:52:35","date_gmt":"2025-09-05T15:52:35","guid":{"rendered":"https:\/\/bloc.xarxa-omnia.org\/omniaegara\/2025\/09\/05\/innovativ-epiteszeti-vilagitastechnika-a-digitalis-atalakulas-korszaka\/"},"modified":"2025-09-05T17:52:35","modified_gmt":"2025-09-05T15:52:35","slug":"innovativ-epiteszeti-vilagitastechnika-a-digitalis-atalakulas-korszaka","status":"publish","type":"post","link":"https:\/\/bloc.xarxa-omnia.org\/omniaegara\/2025\/09\/05\/innovativ-epiteszeti-vilagitastechnika-a-digitalis-atalakulas-korszaka\/","title":{"rendered":"Innovat\u00edv \u00c9p\u00edt\u00e9szeti Vil\u00e1g\u00edt\u00e1stechnika: A Digit\u00e1lis \u00c1talakul\u00e1s Korszaka"},"content":{"rendered":"<p>Az \u00e9p\u00edt\u00e9szet \u00e9s a bels\u0151\u00e9p\u00edt\u00e9szet egyik legdinamikusabb szektora az elm\u00falt \u00e9vtizedekben a vil\u00e1g\u00edt\u00e1stechnika fejl\u0151d\u00e9se, k\u00fcl\u00f6n\u00f6sen a digit\u00e1lis technol\u00f3gi\u00e1k integr\u00e1ci\u00f3ja r\u00e9v\u00e9n. Ez az \u00e1talakul\u00e1s nem csup\u00e1n eszt\u00e9tikai k\u00e9rd\u00e9st \u00e9rint, hanem alapjaiban v\u00e1ltoztatja meg a t\u00e9r\u00e9rzetet, energiahat\u00e9konys\u00e1got \u00e9s a felhaszn\u00e1l\u00f3i \u00e9lm\u00e9nyt. A modern vil\u00e1g\u00edt\u00e1si rendszerek, amelyek intelligens technol\u00f3gi\u00e1kra \u00e9p\u00fclnek, hozz\u00e1j\u00e1rulnak a fenntarthat\u00f3s\u00e1ghoz, a hat\u00e9kony m\u0171k\u00f6d\u00e9shez \u00e9s a vizu\u00e1lis komfort n\u00f6vel\u00e9s\u00e9hez \u2013 mindezek egy\u00fcttesen a glob\u00e1lis \u00e9p\u00edt\u00e9szeti trendek egyik kulcselem\u00e9v\u00e9 v\u00e1ltak.<\/p>\n<h2>A Digit\u00e1lis Korszak El\u0151ret\u00f6r\u00e9se az \u00c9p\u00edt\u00e9szeti Vil\u00e1g\u00edt\u00e1sban<\/h2>\n<p>Az \u00e9p\u00edt\u0151ipar digit\u00e1lis forradalma hatalmas v\u00e1ltoz\u00e1sokat hozott a vil\u00e1g\u00edt\u00e1stechnik\u00e1ban. A hagyom\u00e1nyos f\u00e9nyforr\u00e1sok \u00e9s kialak\u00edt\u00e1si m\u00f3dszerek mellett megjelentek az intelligens vil\u00e1g\u00edt\u00e1si rendszerek, melyek a harmadik \u00e9vezred egyik leginnovat\u00edvabb fejleszt\u00e9sei. Ezek a rendszerek lehet\u0151v\u00e9 teszik a val\u00f3sidej\u0171 adatfeldolgoz\u00e1st, a szem\u00e9lyre szabott f\u00e9ny\u00e9lm\u00e9nyt, valamint az energiafogyaszt\u00e1s optimaliz\u00e1l\u00e1s\u00e1t.<\/p>\n<blockquote><p>\u201eA digit\u00e1lis vil\u00e1g\u00edt\u00e1si rendszerek nem csup\u00e1n a f\u00e9ny mennyis\u00e9g\u00e9t \u00e9s ir\u00e1ny\u00e1t szab\u00e1lyozz\u00e1k, hanem \u00faj dimenzi\u00f3kat nyitnak a dinamikus t\u00e9r\u00e1t\u00e9rz\u00e9kel\u00e9s \u00e9s a felhaszn\u00e1l\u00f3i \u00e9lm\u00e9ny ter\u00e9n.\u201d<\/p><\/blockquote>\n<h2>Technol\u00f3giai Innov\u00e1ci\u00f3k \u00e9s Trendek<\/h2>\n<table>\n<thead>\n<tr>\n<th>Technol\u00f3gia<\/th>\n<th>Jellemz\u0151k<\/th>\n<th>P\u00e9ld\u00e1k az alkalmaz\u00e1sban<\/th>\n<\/tr>\n<\/thead>\n<tbody>\n<tr>\n<td>LED technol\u00f3gia<\/td>\n<td>Energiahat\u00e9kony, hossz\u00fa \u00e9lettartam\u00fa<\/td>\n<td>Intelligens belt\u00e9ri \u00e9s k\u00fclt\u00e9ri vil\u00e1g\u00edt\u00e1si rendszerek<\/td>\n<\/tr>\n<tr>\n<td>Okos vil\u00e1g\u00edt\u00e1s (IoT)<\/td>\n<td>T\u00e1voli vez\u00e9rl\u00e9s, automatiz\u00e1l\u00e1s, szem\u00e9lyre szab\u00e1s<\/td>\n<td>T\u00e1voli id\u0151z\u00edt\u00e9s, sz\u00edn- \u00e9s f\u00e9nyer\u0151-szab\u00e1lyoz\u00e1s okostelefonon kereszt\u00fcl<\/td>\n<\/tr>\n<tr>\n<td>Sz\u00ednvez\u00e9relt f\u00e9nyek<\/td>\n<td>Sz\u00edn \u00e9s hangulat be\u00e1ll\u00edt\u00e1sa a k\u00f6rnyezethez<\/td>\n<td>hotel-lobbik, lak\u00f3parkok k\u00f6z\u00f6ss\u00e9gi terei<\/td>\n<\/tr>\n<tr>\n<td>Digit\u00e1lis szab\u00e1lyoz\u00e1si rendszerek<\/td>\n<td>Integr\u00e1lt vez\u00e9rl\u00e9s, \u00e9rz\u00e9kel\u0151 alap\u00fa automatik\u00e1k<\/td>\n<td>F\u00e9ny- \u00e9s \u00e1rny\u00e9kszab\u00e1lyz\u00e1s \u00e9rz\u00e9kel\u0151kkel, napf\u00e9ny k\u00f6vet\u00e9se<\/td>\n<\/tr>\n<\/tbody>\n<\/table>\n<h2>Az El\u0151ny\u00f6k \u00e9s Kih\u00edv\u00e1sok<\/h2>\n<p>Az intelligens vil\u00e1g\u00edt\u00e1stechnika alkalmaz\u00e1sa sz\u00e1mos szakmai \u00e9s k\u00f6rnyezeti el\u0151nyt k\u00edn\u00e1l:<\/p>\n<ul>\n<li><strong>Energiahat\u00e9konys\u00e1g:<\/strong> Jelent\u0151s cs\u00f6kken\u00e9st eredm\u00e9nyezhet az \u00fczemeltet\u00e9si k\u00f6lts\u00e9gekben, hozz\u00e1j\u00e1rulva a fenntarthat\u00f3s\u00e1ghoz.<\/li>\n<li><strong>Szem\u00e9lyre szabott \u00e9lm\u00e9ny:<\/strong> A felhaszn\u00e1l\u00f3k ig\u00e9nyei szerint szab\u00e1lyozhat\u00f3 a f\u00e9ny sz\u00edne \u00e9s intenzit\u00e1sa.<\/li>\n<li><strong>K\u00f6rnyezeti hat\u00e1sok:<\/strong> Cs\u00f6kkenti az energiapazarl\u00e1st \u00e9s a CO2-kibocs\u00e1t\u00e1st, t\u00e1mogatva az ipar k\u00f6rnyezettudatos fejl\u0151d\u00e9s\u00e9t.<\/li>\n<\/ul>\n<p>Ugyanakkor a kih\u00edv\u00e1sok k\u00f6z\u00f6tt szerepel a rendszer integr\u00e1ci\u00f3j\u00e1nak komplexit\u00e1sa, a szabv\u00e1nyok \u00e9s az adatkezel\u00e9s k\u00e9rd\u00e9sei, illetve a technol\u00f3giai beruh\u00e1z\u00e1sok k\u00f6lts\u00e9gei. A kompetens tervez\u00e9s \u00e9s az innovat\u00edv besz\u00e1ll\u00edt\u00f3i partnerkapcsolatok azonban seg\u00edtenek ezeket az akad\u00e1lyokat lek\u00fczdeni.<\/p>\n<h2>Mit Jelent a \u201cneon54\u201d a Modern Vil\u00e1g\u00edt\u00e1stechnik\u00e1ban?<\/h2>\n<p>A <a href=\"https:\/\/www.neon54-hu.com\/\">neon54<\/a> kiemelked\u0151 szerepet t\u00f6lt be a magyarorsz\u00e1gi vil\u00e1g\u00edt\u00e1stechnikai piacon. Ez a c\u00e9g szak\u00e9rt\u0151i diadal\u00fatja a f\u00e9nytechnikai innov\u00e1ci\u00f3kban, k\u00fcl\u00f6n\u00f6sen a digit\u00e1lis \u00e9s okos vil\u00e1g\u00edt\u00e1si rendszerek fejleszt\u00e9s\u00e9ben. A <em>neon54<\/em> szolg\u00e1ltat\u00e1sai k\u00f6z\u00f6tt megtal\u00e1lhat\u00f3k a pr\u00e9mium min\u0151s\u00e9g\u0171 LED-megold\u00e1sok, intelligens automatiz\u00e1l\u00e1si rendszerek, valamint egyedi k\u00fclt\u00e9ri \u00e9s belt\u00e9ri vil\u00e1g\u00edt\u00e1si tervek, amelyek a legszigor\u00fabb nemzetk\u00f6zi norm\u00e1knak is megfelelnek.<\/p>\n<div class=\"highlight\">\nFontos megjegyezni, hogy a neon54 \u00e1ltal k\u00edn\u00e1lt megold\u00e1sok nem csup\u00e1n a funkcionalit\u00e1sban, hanem az eszt\u00e9tik\u00e1ban is kiemelked\u0151ek, \u00edgy a design \u00e9s a technol\u00f3gia szoros egy\u00fcttm\u0171k\u00f6d\u00e9s\u00e9vel val\u00f3sulnak meg a j\u00f6v\u0151 \u00e9p\u00edt\u00e9szeti kih\u00edv\u00e1sai.<\/div>\n<h2>Z\u00e1r\u00f3 gondolat: A vil\u00e1g\u00edt\u00e1stechnika j\u00f6v\u0151je a digit\u00e1lis innov\u00e1ci\u00f3kban rejlik<\/h2>\n<p>Ahogy az \u00e9p\u00edt\u00e9szeti \u00e9s technol\u00f3giai szektorok egyre szorosabban \u00f6sszefon\u00f3dnak, a digit\u00e1lis vil\u00e1g\u00edt\u00e1stechnika szerepe elker\u00fclhetetlen\u00fcl n\u0151. Ezzel p\u00e1rhuzamosan n\u00f6vekszik az ig\u00e9ny a fenntarthat\u00f3, intelligens \u00e9s felhaszn\u00e1l\u00f3-k\u00f6zpont\u00fa megold\u00e1sok ir\u00e1nt. Az ipar\u00e1g szerepl\u0151inek kulcsa a folyamatos innov\u00e1ci\u00f3, a nemzetk\u00f6zi trendek k\u00f6vet\u00e9se \u00e9s a szakma ir\u00e1nti elk\u00f6telez\u0151d\u00e9s. Ebben a k\u00f6rnyezetben a szakemberek \u00e9s c\u00e9gek, mint p\u00e9ld\u00e1ul a neon54 kiemelten fontos szerepl\u0151v\u00e9 v\u00e1lnak, t\u00e1mogatva a j\u00f6v\u0151 kih\u00edv\u00e1sait modern \u00e9s korszer\u0171 megold\u00e1sokkal.<\/p>\n<p>Az \u00e9p\u00edt\u00e9szet \u00e9s a technol\u00f3gia k\u00f6z\u00f6s j\u00f6v\u0151je a f\u00e9ny k\u00f6r\u00fcli kreativit\u00e1s \u00e9s innov\u00e1ci\u00f3k t\u00f6k\u00e9letes \u00f6sszhangj\u00e1n m\u00falik \u2013 mindez a digit\u00e1lis \u00e1talakul\u00e1s sz\u00edv\u00e9ben.<\/p>\n","protected":false},"excerpt":{"rendered":"<p>Az \u00e9p\u00edt\u00e9szet \u00e9s a bels\u0151\u00e9p\u00edt\u00e9szet egyik legdinamikusabb szektora az elm\u00falt \u00e9vtizedekben a vil\u00e1g\u00edt\u00e1stechnika fejl\u0151d\u00e9se, k\u00fcl\u00f6n\u00f6sen a digit\u00e1lis technol\u00f3gi\u00e1k integr\u00e1ci\u00f3ja r\u00e9v\u00e9n. Ez az \u00e1talakul\u00e1s nem csup\u00e1n eszt\u00e9tikai k\u00e9rd\u00e9st \u00e9rint, hanem alapjaiban v\u00e1ltoztatja meg a t\u00e9r\u00e9rzetet, energiahat\u00e9konys\u00e1got \u00e9s a felhaszn\u00e1l\u00f3i \u00e9lm\u00e9nyt. A <a class=\"more-link\" href=\"https:\/\/bloc.xarxa-omnia.org\/omniaegara\/2025\/09\/05\/innovativ-epiteszeti-vilagitastechnika-a-digitalis-atalakulas-korszaka\/\">Continueu llegint <span class=\"screen-reader-text\">  Innovat\u00edv \u00c9p\u00edt\u00e9szeti Vil\u00e1g\u00edt\u00e1stechnika: A Digit\u00e1lis \u00c1talakul\u00e1s Korszaka<\/span><span class=\"meta-nav\">&rarr;<\/span><\/a><\/p>\n","protected":false},"author":201,"featured_media":0,"comment_status":"closed","ping_status":"closed","sticky":false,"template":"","format":"standard","meta":{"footnotes":""},"categories":[25],"tags":[],"class_list":["post-15662","post","type-post","status-publish","format-standard","hentry","category-general"],"_links":{"self":[{"href":"https:\/\/bloc.xarxa-omnia.org\/omniaegara\/wp-json\/wp\/v2\/posts\/15662","targetHints":{"allow":["GET"]}}],"collection":[{"href":"https:\/\/bloc.xarxa-omnia.org\/omniaegara\/wp-json\/wp\/v2\/posts"}],"about":[{"href":"https:\/\/bloc.xarxa-omnia.org\/omniaegara\/wp-json\/wp\/v2\/types\/post"}],"author":[{"embeddable":true,"href":"https:\/\/bloc.xarxa-omnia.org\/omniaegara\/wp-json\/wp\/v2\/users\/201"}],"replies":[{"embeddable":true,"href":"https:\/\/bloc.xarxa-omnia.org\/omniaegara\/wp-json\/wp\/v2\/comments?post=15662"}],"version-history":[{"count":0,"href":"https:\/\/bloc.xarxa-omnia.org\/omniaegara\/wp-json\/wp\/v2\/posts\/15662\/revisions"}],"wp:attachment":[{"href":"https:\/\/bloc.xarxa-omnia.org\/omniaegara\/wp-json\/wp\/v2\/media?parent=15662"}],"wp:term":[{"taxonomy":"category","embeddable":true,"href":"https:\/\/bloc.xarxa-omnia.org\/omniaegara\/wp-json\/wp\/v2\/categories?post=15662"},{"taxonomy":"post_tag","embeddable":true,"href":"https:\/\/bloc.xarxa-omnia.org\/omniaegara\/wp-json\/wp\/v2\/tags?post=15662"}],"curies":[{"name":"wp","href":"https:\/\/api.w.org\/{rel}","templated":true}]}}