{"id":109,"date":"2011-06-06T20:03:41","date_gmt":"2011-06-06T18:03:41","guid":{"rendered":"http:\/\/xarxaomnia.gencat.cat\/blocs\/omnialafont\/?p=109"},"modified":"2011-06-06T20:06:45","modified_gmt":"2011-06-06T18:06:45","slug":"presentacio-de-les-receptes-a-la-festa-multicultural","status":"publish","type":"post","link":"https:\/\/bloc.xarxa-omnia.org\/omnialafont\/2011\/06\/presentacio-de-les-receptes-a-la-festa-multicultural\/","title":{"rendered":"Presentaci\u00f3 de les receptes a la Festa Multicultural"},"content":{"rendered":"<p style=\"text-align: justify;\"><span style=\"color: #000000;\">Com ja us ven\u00edem informant la setmana passada, des del  Punt \u00d2mnia La Font es va col\u00b7laborar a la Festa Multicultural que el  PDC La Font i l\u2019AV Font dels Capellans va celebrar el passat 4 de  juny a la Sala Polivalent del barri. <\/span><\/p>\n<p style=\"text-align: justify;\"><span style=\"color: #000000;\">Els alumnes dels diferents cursos del Punt van elaborar 16 receptes de postres procedents de diverses regions d&#8217; Espanya i d&#8217;altres pa\u00efsos com Senegal. Amb aquesta activitat es van treballar dos objectius, per una banda, l&#8217;aprenentatge de l&#8217;eina inform\u00e0tica a trav\u00e9s de la presentaci\u00f3 de la recepta de cuina; i per altra banda, es va fomentar la participaci\u00f3 dels usuaris\/es del Punt en una activitat del barri.<\/span><\/p>\n<p style=\"text-align: justify;\"><span style=\"color: #000000;\"><a href=\"http:\/\/xarxaomnia.gencat.cat\/blocs\/omnialafont\/files\/2011\/06\/P5290047.jpg\"><img loading=\"lazy\" decoding=\"async\" class=\"aligncenter size-medium wp-image-110\" title=\"Receptari de cuina\" src=\"http:\/\/xarxaomnia.gencat.cat\/blocs\/omnialafont\/files\/2011\/06\/P5290047-300x225.jpg\" alt=\"\" width=\"300\" height=\"225\" srcset=\"https:\/\/bloc.xarxa-omnia.org\/omnialafont\/files\/2011\/06\/P5290047-300x225.jpg 300w, https:\/\/bloc.xarxa-omnia.org\/omnialafont\/files\/2011\/06\/P5290047.jpg 1280w\" sizes=\"auto, (max-width: 300px) 100vw, 300px\" \/><\/a><\/span><\/p>\n<p style=\"text-align: justify;\"><span style=\"color: #000000;\">El recull de receptes segueix exposat al passad\u00eds de la Sala Polivalent del barri i properament es penjar\u00e0 al Punt \u00d2mnia.<\/span><\/p>\n<p style=\"text-align: justify;\"><span style=\"color: #000000;\"> <\/span><\/p>\n<p style=\"text-align: justify;\"><span style=\"color: #000000;\"><a href=\"http:\/\/xarxaomnia.gencat.cat\/blocs\/omnialafont\/files\/2011\/06\/P52900561.jpg\"><img loading=\"lazy\" decoding=\"async\" class=\"aligncenter size-medium wp-image-112\" title=\"Mostra gastron\u00f2mica\" src=\"http:\/\/xarxaomnia.gencat.cat\/blocs\/omnialafont\/files\/2011\/06\/P52900561-225x300.jpg\" alt=\"\" width=\"225\" height=\"300\" srcset=\"https:\/\/bloc.xarxa-omnia.org\/omnialafont\/files\/2011\/06\/P52900561-225x300.jpg 225w, https:\/\/bloc.xarxa-omnia.org\/omnialafont\/files\/2011\/06\/P52900561.jpg 960w\" sizes=\"auto, (max-width: 225px) 100vw, 225px\" \/><\/a><br \/>\n<\/span><\/p>\n","protected":false},"excerpt":{"rendered":"<p>Com ja us ven\u00edem informant la setmana passada, des del Punt \u00d2mnia La Font es va col\u00b7laborar a la Festa Multicultural que el PDC La Font i l\u2019AV Font dels Capellans va celebrar el passat 4 de juny a la Sala Polivalent del barri. Els alumnes dels diferents cursos del Punt van elaborar 16 receptes [&hellip;]<\/p>\n","protected":false},"author":139,"featured_media":0,"comment_status":"open","ping_status":"open","sticky":false,"template":"","format":"standard","meta":{"footnotes":""},"categories":[510,554,1075,41],"tags":[486,690,1085,7],"class_list":{"0":"post-109","1":"post","2":"type-post","3":"status-publish","4":"format-standard","6":"category-activitat","7":"category-comunitat","8":"category-diversitat","9":"category-mnia","10":"tag-cuina","11":"tag-festa","12":"tag-postres","13":"tag-receptes","14":"czr-hentry"},"_links":{"self":[{"href":"https:\/\/bloc.xarxa-omnia.org\/omnialafont\/wp-json\/wp\/v2\/posts\/109","targetHints":{"allow":["GET"]}}],"collection":[{"href":"https:\/\/bloc.xarxa-omnia.org\/omnialafont\/wp-json\/wp\/v2\/posts"}],"about":[{"href":"https:\/\/bloc.xarxa-omnia.org\/omnialafont\/wp-json\/wp\/v2\/types\/post"}],"author":[{"embeddable":true,"href":"https:\/\/bloc.xarxa-omnia.org\/omnialafont\/wp-json\/wp\/v2\/users\/139"}],"replies":[{"embeddable":true,"href":"https:\/\/bloc.xarxa-omnia.org\/omnialafont\/wp-json\/wp\/v2\/comments?post=109"}],"version-history":[{"count":3,"href":"https:\/\/bloc.xarxa-omnia.org\/omnialafont\/wp-json\/wp\/v2\/posts\/109\/revisions"}],"predecessor-version":[{"id":114,"href":"https:\/\/bloc.xarxa-omnia.org\/omnialafont\/wp-json\/wp\/v2\/posts\/109\/revisions\/114"}],"wp:attachment":[{"href":"https:\/\/bloc.xarxa-omnia.org\/omnialafont\/wp-json\/wp\/v2\/media?parent=109"}],"wp:term":[{"taxonomy":"category","embeddable":true,"href":"https:\/\/bloc.xarxa-omnia.org\/omnialafont\/wp-json\/wp\/v2\/categories?post=109"},{"taxonomy":"post_tag","embeddable":true,"href":"https:\/\/bloc.xarxa-omnia.org\/omnialafont\/wp-json\/wp\/v2\/tags?post=109"}],"curies":[{"name":"wp","href":"https:\/\/api.w.org\/{rel}","templated":true}]}}