{"id":1289,"date":"2014-01-23T14:47:17","date_gmt":"2014-01-23T12:47:17","guid":{"rendered":"http:\/\/xarxaomnia.gencat.cat\/blocs\/omnialafont\/?p=1289"},"modified":"2014-01-23T14:47:17","modified_gmt":"2014-01-23T12:47:17","slug":"al-100","status":"publish","type":"post","link":"https:\/\/bloc.xarxa-omnia.org\/omnialafont\/2014\/01\/al-100\/","title":{"rendered":"Al 100%"},"content":{"rendered":"<p style=\"text-align: justify;\">Ja portem una setmana a ple rendiment. El <span style=\"color: #3366ff;\"><strong>Punt \u00d2mnia AV Font dels Capellans torna a estar al 100%<\/strong><\/span>.<\/p>\n<p style=\"text-align: justify;\">Els tallers d&#8217;alfabetitzaci\u00f3 digital (inicial, avan\u00e7at, internet i fotografia) estan plens, \u00e9s m\u00e9s, gr\u00e0cies a qu\u00e8 alguns alumnes porten els seus port\u00e0tils, hem ampliat les places ofertades fins a <span style=\"color: #3366ff;\"><strong>10 alumnes per taller<\/strong><\/span>. Un \u00e8xit, no?<\/p>\n<p style=\"text-align: justify;\">Als tallers on encara hi ha places disponibles s\u00f3n:<\/p>\n<p style=\"text-align: justify;\">&#8211; Anem per feina (dilluns de 11.30h a 13h)<\/p>\n<p style=\"text-align: justify;\">&#8211; Kids and TIC (dilluns de 17h a 18h)<\/p>\n<p style=\"text-align: justify;\">&#8211; Estimulant la ment (divendres de 11.30h a 13h)<\/p>\n<p style=\"text-align: center;\"><a href=\"http:\/\/xarxaomnia.gencat.cat\/blocs\/omnialafont\/files\/2011\/04\/horari_1r_trimestre_20141.jpg\"><img loading=\"lazy\" decoding=\"async\" class=\"size-medium wp-image-1276  aligncenter\" title=\"horari_1r_trimestre_2014\" src=\"http:\/\/xarxaomnia.gencat.cat\/blocs\/omnialafont\/files\/2011\/04\/horari_1r_trimestre_20141-300x225.jpg\" alt=\"\" width=\"300\" height=\"225\" \/><\/a><\/p>\n<p style=\"text-align: justify;\">I no dubteu a passar pel Punt, trucar o enviar-nos un correu demanant qualsevol informaci\u00f3 referent als tallers, als espais d&#8217;acc\u00e9s lliure o qualsevol altre dubte.<\/p>\n<p style=\"text-align: center;\">Feli\u00e7 dia!<\/p>\n<p style=\"text-align: justify;\">\n","protected":false},"excerpt":{"rendered":"<p>Ja portem una setmana a ple rendiment. El Punt \u00d2mnia AV Font dels Capellans torna a estar al 100%. Els tallers d&#8217;alfabetitzaci\u00f3 digital (inicial, avan\u00e7at, internet i fotografia) estan plens, \u00e9s m\u00e9s, gr\u00e0cies a qu\u00e8 alguns alumnes porten els seus port\u00e0tils, hem ampliat les places ofertades fins a 10 alumnes per taller. Un \u00e8xit, no? [&hellip;]<\/p>\n","protected":false},"author":139,"featured_media":0,"comment_status":"closed","ping_status":"open","sticky":false,"template":"","format":"standard","meta":{"footnotes":""},"categories":[41],"tags":[],"class_list":{"0":"post-1289","1":"post","2":"type-post","3":"status-publish","4":"format-standard","6":"category-mnia","7":"czr-hentry"},"_links":{"self":[{"href":"https:\/\/bloc.xarxa-omnia.org\/omnialafont\/wp-json\/wp\/v2\/posts\/1289","targetHints":{"allow":["GET"]}}],"collection":[{"href":"https:\/\/bloc.xarxa-omnia.org\/omnialafont\/wp-json\/wp\/v2\/posts"}],"about":[{"href":"https:\/\/bloc.xarxa-omnia.org\/omnialafont\/wp-json\/wp\/v2\/types\/post"}],"author":[{"embeddable":true,"href":"https:\/\/bloc.xarxa-omnia.org\/omnialafont\/wp-json\/wp\/v2\/users\/139"}],"replies":[{"embeddable":true,"href":"https:\/\/bloc.xarxa-omnia.org\/omnialafont\/wp-json\/wp\/v2\/comments?post=1289"}],"version-history":[{"count":4,"href":"https:\/\/bloc.xarxa-omnia.org\/omnialafont\/wp-json\/wp\/v2\/posts\/1289\/revisions"}],"predecessor-version":[{"id":1293,"href":"https:\/\/bloc.xarxa-omnia.org\/omnialafont\/wp-json\/wp\/v2\/posts\/1289\/revisions\/1293"}],"wp:attachment":[{"href":"https:\/\/bloc.xarxa-omnia.org\/omnialafont\/wp-json\/wp\/v2\/media?parent=1289"}],"wp:term":[{"taxonomy":"category","embeddable":true,"href":"https:\/\/bloc.xarxa-omnia.org\/omnialafont\/wp-json\/wp\/v2\/categories?post=1289"},{"taxonomy":"post_tag","embeddable":true,"href":"https:\/\/bloc.xarxa-omnia.org\/omnialafont\/wp-json\/wp\/v2\/tags?post=1289"}],"curies":[{"name":"wp","href":"https:\/\/api.w.org\/{rel}","templated":true}]}}