{"id":524,"date":"2012-06-11T17:46:11","date_gmt":"2012-06-11T15:46:11","guid":{"rendered":"http:\/\/xarxaomnia.gencat.cat\/blocs\/omnialafont\/?p=524"},"modified":"2012-06-11T17:47:34","modified_gmt":"2012-06-11T15:47:34","slug":"final-del-taller-fem-xarxa","status":"publish","type":"post","link":"https:\/\/bloc.xarxa-omnia.org\/omnialafont\/2012\/06\/final-del-taller-fem-xarxa\/","title":{"rendered":"Fins el proper curs!"},"content":{"rendered":"<p style=\"text-align: justify;\">Per finalitzar el<strong><span style=\"color: #3366ff;\"> taller Fem Xarxa<\/span><\/strong>, el pen\u00faltim dia els alumnes van redactar un petit text explicant tot el que havien apr\u00e8s i per qu\u00e8 venien al taller. Un cop escrit, ho havien d&#8217;enviar per correu electr\u00f2nic a la dinamitzadora.<\/p>\n<p style=\"text-align: center;\"><a href=\"http:\/\/xarxaomnia.gencat.cat\/blocs\/omnialafont\/files\/2012\/06\/foto-bloc.jpg\"><img loading=\"lazy\" decoding=\"async\" class=\"size-medium wp-image-525  aligncenter\" title=\"foto bloc\" src=\"http:\/\/xarxaomnia.gencat.cat\/blocs\/omnialafont\/files\/2012\/06\/foto-bloc-249x300.jpg\" alt=\"\" width=\"249\" height=\"300\" srcset=\"https:\/\/bloc.xarxa-omnia.org\/omnialafont\/files\/2012\/06\/foto-bloc-249x300.jpg 249w, https:\/\/bloc.xarxa-omnia.org\/omnialafont\/files\/2012\/06\/foto-bloc.jpg 1103w\" sizes=\"auto, (max-width: 249px) 100vw, 249px\" \/><\/a><\/p>\n<p style=\"text-align: justify;\">Aqu\u00ed, teniu els textos.<\/p>\n<p style=\"text-align: justify;\">Me gusta hacer el correo electr\u00f3nico\u00a0 y hacer un cuento, y las fotos y enviar los correos electr\u00f3nicos a mis compa\u00f1eros y a la J\u00e8ss.<\/p>\n<p style=\"text-align: justify;\">Me gusta venir porque aprendo mucho a hacer correo electr\u00f3nico, hacer fotos y videos y conocerte a ti, J\u00e8ss. Tambi\u00e9n guardar contactos\u00a0 de mis compa\u00f1eros. Y\u00a0 porque\u00a0 tengo buenos amigos.<\/p>\n<p style=\"text-align: right;\">Te mando\u00a0 un beso J\u00e8ss.<\/p>\n<p style=\"text-align: right;\"><strong>Montse<br \/>\n<\/strong><\/p>\n<p style=\"text-align: justify;\">He aprendido a buscar fotos y videos para enviarlos por correos electr\u00f3nicos. Hemos aprendido el correo electr\u00f3nico. Cada mi\u00e9rcoles\u00a0 me gusta venir aqu\u00ed a aprender a guardar los contactos en mi correo.<\/p>\n<p style=\"text-align: justify;\">Me gusta la inform\u00e1tica.<\/p>\n<p style=\"text-align: right;\"><strong>Jos\u00e9 Luis<br \/>\n<\/strong><\/p>\n<p style=\"text-align: justify;\">He apr\u00e8s a buscar v\u00eddeos d\u2019Internet, tamb\u00e9\u00a0 hem apr\u00e8s a escriure un correu electr\u00f2nic i guardar els contactes. M\u2019agrada venir per fer coses d\u2019inform\u00e0tica.<\/p>\n<p style=\"text-align: right;\"><strong>Gemma<br \/>\n<\/strong><\/p>\n<p style=\"text-align: justify;\">Hemos aprendido a crear una cuenta de correo electr\u00f3nico\u00a0 y tambi\u00e9n hemos aprendido a enviar videos a los compa\u00f1eros y fotos y enlaces. Me gusta mucho venir hacer ordenador y la profesora ense\u00f1a muy bien a ordenador y, hemos aprendido a crear un cuento sobre San Jordi. Me gusta mucho venir al\u00a0 ordenador y la J\u00e8ss es muy simp\u00e1tica.<\/p>\n<p style=\"text-align: right;\"><strong>Ram\u00f3n<br \/>\n<\/strong><\/p>\n<p style=\"text-align: justify;\">He aprendido a enviar correo electr\u00f3nico y crear unas contrase\u00f1as y videos para enviar. Como va el ordenador y tambi\u00e9n el correo,\u00a0 he aprendido a buscar m\u00fasica y a escribir en el ordenador.<\/p>\n<p style=\"text-align: justify;\">Lo que me ha hecho re\u00edr mucho es la m\u00fasica\u00a0 que encontraba cuando me met\u00eda, y guardar el correo electr\u00f3nico de mis compa\u00f1eros.<\/p>\n<p style=\"text-align: justify;\">Me gusta venir mucho aqu\u00ed porque aprendido mucho y me encantar\u00eda venir el a\u00f1o que viene pero no podr\u00e9 porque me traslado a otro pueblo a vivir.<\/p>\n<p style=\"text-align: right;\"><strong>Maribel<br \/>\n<\/strong><\/p>\n<p style=\"text-align: justify;\">Hem apr\u00e8s\u00a0 a obrir un compte de correu electr\u00f2nic. Hem enviat un correu electr\u00f2nic.<\/p>\n<p style=\"text-align: justify;\">Al correu\u00a0 electr\u00f2nic em\u00a0 posat\u00a0 v\u00eddeos, fotos\u00a0 i enlla\u00e7os. M\u2019agrada venir perqu\u00e8\u00a0 aprenc\u00a0 coses\u00a0 del ordinador. Per Sant Jordi, varem escriure un conte de Sant Jordi.<\/p>\n<p style=\"text-align: right;\"><strong>Eva<br \/>\n<\/strong><\/p>\n<p style=\"text-align: justify;\">He apr\u00e8s el correu electr\u00f2nic, tamb\u00e9\u00a0 hem apr\u00e8s\u00a0 buscar v\u00eddeos\u00a0 d\u2019 Internet i he apr\u00e8s el correu a electr\u00f2nic\u00a0 guardar contactes. Enviar\u00a0 un correu amb enlla\u00e7os.<\/p>\n<p style=\"text-align: justify;\">M\u2019agrada molt venir a inform\u00e0tica.<\/p>\n<p style=\"text-align: right;\"><strong>Esteve<br \/>\n<\/strong><\/p>\n","protected":false},"excerpt":{"rendered":"<p>Per finalitzar el taller Fem Xarxa, el pen\u00faltim dia els alumnes van redactar un petit text explicant tot el que havien apr\u00e8s i per qu\u00e8 venien al taller. Un cop escrit, ho havien d&#8217;enviar per correu electr\u00f2nic a la dinamitzadora. Aqu\u00ed, teniu els textos. Me gusta hacer el correo electr\u00f3nico\u00a0 y hacer un cuento, y [&hellip;]<\/p>\n","protected":false},"author":139,"featured_media":0,"comment_status":"closed","ping_status":"open","sticky":false,"template":"","format":"standard","meta":{"footnotes":""},"categories":[510,1125,681],"tags":[1129,1362,1373],"class_list":{"0":"post-524","1":"post","2":"type-post","3":"status-publish","4":"format-standard","6":"category-activitat","7":"category-discapacitats","8":"category-taller","9":"tag-ampans","10":"tag-correu-electronic","11":"tag-fem-xarxa","12":"czr-hentry"},"_links":{"self":[{"href":"https:\/\/bloc.xarxa-omnia.org\/omnialafont\/wp-json\/wp\/v2\/posts\/524","targetHints":{"allow":["GET"]}}],"collection":[{"href":"https:\/\/bloc.xarxa-omnia.org\/omnialafont\/wp-json\/wp\/v2\/posts"}],"about":[{"href":"https:\/\/bloc.xarxa-omnia.org\/omnialafont\/wp-json\/wp\/v2\/types\/post"}],"author":[{"embeddable":true,"href":"https:\/\/bloc.xarxa-omnia.org\/omnialafont\/wp-json\/wp\/v2\/users\/139"}],"replies":[{"embeddable":true,"href":"https:\/\/bloc.xarxa-omnia.org\/omnialafont\/wp-json\/wp\/v2\/comments?post=524"}],"version-history":[{"count":5,"href":"https:\/\/bloc.xarxa-omnia.org\/omnialafont\/wp-json\/wp\/v2\/posts\/524\/revisions"}],"predecessor-version":[{"id":530,"href":"https:\/\/bloc.xarxa-omnia.org\/omnialafont\/wp-json\/wp\/v2\/posts\/524\/revisions\/530"}],"wp:attachment":[{"href":"https:\/\/bloc.xarxa-omnia.org\/omnialafont\/wp-json\/wp\/v2\/media?parent=524"}],"wp:term":[{"taxonomy":"category","embeddable":true,"href":"https:\/\/bloc.xarxa-omnia.org\/omnialafont\/wp-json\/wp\/v2\/categories?post=524"},{"taxonomy":"post_tag","embeddable":true,"href":"https:\/\/bloc.xarxa-omnia.org\/omnialafont\/wp-json\/wp\/v2\/tags?post=524"}],"curies":[{"name":"wp","href":"https:\/\/api.w.org\/{rel}","templated":true}]}}