{"id":559,"date":"2012-09-07T12:27:56","date_gmt":"2012-09-07T10:27:56","guid":{"rendered":"http:\/\/xarxaomnia.gencat.cat\/blocs\/omnialafont\/?p=559"},"modified":"2012-09-07T12:27:56","modified_gmt":"2012-09-07T10:27:56","slug":"tic-memoria","status":"publish","type":"post","link":"https:\/\/bloc.xarxa-omnia.org\/omnialafont\/2012\/09\/tic-memoria\/","title":{"rendered":"TIC-Mem\u00f2ria"},"content":{"rendered":"<p style=\"text-align: justify;\"><a href=\"http:\/\/xarxaomnia.gencat.cat\/blocs\/omnialafont\/files\/2012\/09\/mem\u00f2ria1.jpg\"><img loading=\"lazy\" decoding=\"async\" class=\"size-medium wp-image-561 alignleft\" title=\"mem\u00f2ria\" src=\"http:\/\/xarxaomnia.gencat.cat\/blocs\/omnialafont\/files\/2012\/09\/mem\u00f2ria1-169x300.jpg\" alt=\"\" width=\"169\" height=\"300\" srcset=\"https:\/\/bloc.xarxa-omnia.org\/omnialafont\/files\/2012\/09\/mem\u00f2ria1-169x300.jpg 169w, https:\/\/bloc.xarxa-omnia.org\/omnialafont\/files\/2012\/09\/mem\u00f2ria1.jpg 252w\" sizes=\"auto, (max-width: 169px) 100vw, 169px\" \/><\/a>El taller <span style=\"color: #3366ff;\"><strong>TIC-Mem\u00f2ria<\/strong><\/span> est\u00e0 adre\u00e7at a totes les persones grans que vugluin treballar i estimular les capacitats cognitives (atenci\u00f3, mem\u00f2ria, concentraci\u00f3,&#8230;) per\u00f2 tot, d&#8217;una forma din\u00e0mica i l\u00fadica.<\/p>\n<p style=\"text-align: justify;\">El taller es portar\u00e0 a terme tots <strong><span style=\"text-decoration: underline;\">els divendres de 11.30h a 13h<\/span><\/strong>; s&#8217;inicia el 21 de setembre i les inscripcions s&#8217;han de fer presencialment al Punt \u00d2mnia.<\/p>\n<p style=\"text-align: justify;\">\n<p style=\"text-align: justify;\">No t&#8217;ho pensis m\u00e9s i activa&#8217;t!<\/p>\n","protected":false},"excerpt":{"rendered":"<p>El taller TIC-Mem\u00f2ria est\u00e0 adre\u00e7at a totes les persones grans que vugluin treballar i estimular les capacitats cognitives (atenci\u00f3, mem\u00f2ria, concentraci\u00f3,&#8230;) per\u00f2 tot, d&#8217;una forma din\u00e0mica i l\u00fadica. El taller es portar\u00e0 a terme tots els divendres de 11.30h a 13h; s&#8217;inicia el 21 de setembre i les inscripcions s&#8217;han de fer presencialment al Punt [&hellip;]<\/p>\n","protected":false},"author":139,"featured_media":0,"comment_status":"closed","ping_status":"open","sticky":false,"template":"","format":"standard","meta":{"footnotes":""},"categories":[1126,41,681],"tags":[1414,333,6137,1413],"class_list":{"0":"post-559","1":"post","2":"type-post","3":"status-publish","4":"format-standard","6":"category-collectius","7":"category-mnia","8":"category-taller","9":"tag-estimulacio","10":"tag-gent-gran","11":"tag-taller","12":"tag-tic-memoria","13":"czr-hentry"},"_links":{"self":[{"href":"https:\/\/bloc.xarxa-omnia.org\/omnialafont\/wp-json\/wp\/v2\/posts\/559","targetHints":{"allow":["GET"]}}],"collection":[{"href":"https:\/\/bloc.xarxa-omnia.org\/omnialafont\/wp-json\/wp\/v2\/posts"}],"about":[{"href":"https:\/\/bloc.xarxa-omnia.org\/omnialafont\/wp-json\/wp\/v2\/types\/post"}],"author":[{"embeddable":true,"href":"https:\/\/bloc.xarxa-omnia.org\/omnialafont\/wp-json\/wp\/v2\/users\/139"}],"replies":[{"embeddable":true,"href":"https:\/\/bloc.xarxa-omnia.org\/omnialafont\/wp-json\/wp\/v2\/comments?post=559"}],"version-history":[{"count":4,"href":"https:\/\/bloc.xarxa-omnia.org\/omnialafont\/wp-json\/wp\/v2\/posts\/559\/revisions"}],"predecessor-version":[{"id":565,"href":"https:\/\/bloc.xarxa-omnia.org\/omnialafont\/wp-json\/wp\/v2\/posts\/559\/revisions\/565"}],"wp:attachment":[{"href":"https:\/\/bloc.xarxa-omnia.org\/omnialafont\/wp-json\/wp\/v2\/media?parent=559"}],"wp:term":[{"taxonomy":"category","embeddable":true,"href":"https:\/\/bloc.xarxa-omnia.org\/omnialafont\/wp-json\/wp\/v2\/categories?post=559"},{"taxonomy":"post_tag","embeddable":true,"href":"https:\/\/bloc.xarxa-omnia.org\/omnialafont\/wp-json\/wp\/v2\/tags?post=559"}],"curies":[{"name":"wp","href":"https:\/\/api.w.org\/{rel}","templated":true}]}}