{"id":659,"date":"2012-11-20T11:00:52","date_gmt":"2012-11-20T09:00:52","guid":{"rendered":"http:\/\/xarxaomnia.gencat.cat\/blocs\/omnialafont\/?p=659"},"modified":"2012-11-19T19:22:35","modified_gmt":"2012-11-19T17:22:35","slug":"el-video-dels-drets-dels-infants","status":"publish","type":"post","link":"https:\/\/bloc.xarxa-omnia.org\/omnialafont\/2012\/11\/el-video-dels-drets-dels-infants\/","title":{"rendered":"El v\u00eddeo dels Drets dels Infants"},"content":{"rendered":"<p style=\"text-align: justify;\">Amb motiu de la celebraci\u00f3 del <span style=\"color: #0000ff;\"><strong><span style=\"color: #3366ff;\">Dia Mundial del Drets dels Infants<\/span> <\/strong><\/span>(20 de novembre), el <em><span style=\"color: #3366ff;\"><span style=\"color: #3366ff;\">Punt \u00d2mnia AV Font dels Capellans de Manresa,<\/span><\/span><\/em> el <span style=\"color: #3366ff;\"><em>Punt \u00d2mnia del Casal C\u00edvic Sant Josep de Sant Vicen\u00e7 del Horts<\/em><\/span> i el <span style=\"color: #3366ff;\"><em>Punt \u00d2mnia del Casal C\u00edvic de la Riera Bonet de Molins de Rei<\/em><\/span> han editat conjuntament un v\u00eddeo per donar a con\u00e8ixer els 10 drets fonamentals de tots els infants.<\/p>\n<p style=\"text-align: justify;\">Tots els\u00a0 nens i nenes que realitzen activitats en\u00a0 aquests Punts \u00d2mnia, han participat en la gravaci\u00f3 d&#8217;aquest v\u00eddeo expressant qu\u00e8 \u00e9s per a ells tenir drets.<\/p>\n<p style=\"text-align: center;\"><a href=\"http:\/\/www.youtube.com\/watch?feature=player_detailpage&amp;v=WsEJpWVjtsc\">V\u00eddeo dels Drets dels Infants<\/a><\/p>\n<p style=\"text-align: justify;\">Aquest projecte \u00e9s molt important per als tres Punts \u00d2mnia ja que a banda de celebrar el Dia mundial dels Drets dels Infants, ha estat un repte professional per a les tres educadores, la Gemma, l&#8217;Isabel i la J\u00e8ss. Durant els dos mesos de treball, s\u2019ha estat treballat a dist\u00e0ncia utilitzant eines col\u00b7laboratives com\u00a0<a href=\"http:\/\/piratepad.net\/front-page\/\">Piratepad<\/a> (per compartir documents en l\u00ednia);\u00a0<a href=\"http:\/\/www.youtube.com\/\">Editor de v\u00eddeos Youtube<\/a> i\u00a0<a href=\"https:\/\/www.wetransfer.com\/\">Wetransfer<\/a> (per enviar arxius de gran tamany)\u00a0a trav\u00e9s de la xarxa, tant per la planificaci\u00f3 com per la posterior realitzaci\u00f3 del v\u00eddeo.<\/p>\n<p style=\"text-align: justify;\">Esperem que us agradi aquest projecte!<\/p>\n<p style=\"text-align: justify;\">\n","protected":false},"excerpt":{"rendered":"<p>Amb motiu de la celebraci\u00f3 del Dia Mundial del Drets dels Infants (20 de novembre), el Punt \u00d2mnia AV Font dels Capellans de Manresa, el Punt \u00d2mnia del Casal C\u00edvic Sant Josep de Sant Vicen\u00e7 del Horts i el Punt \u00d2mnia del Casal C\u00edvic de la Riera Bonet de Molins de Rei han editat conjuntament [&hellip;]<\/p>\n","protected":false},"author":139,"featured_media":0,"comment_status":"closed","ping_status":"open","sticky":false,"template":"","format":"standard","meta":{"footnotes":""},"categories":[41],"tags":[],"class_list":{"0":"post-659","1":"post","2":"type-post","3":"status-publish","4":"format-standard","6":"category-mnia","7":"czr-hentry"},"_links":{"self":[{"href":"https:\/\/bloc.xarxa-omnia.org\/omnialafont\/wp-json\/wp\/v2\/posts\/659","targetHints":{"allow":["GET"]}}],"collection":[{"href":"https:\/\/bloc.xarxa-omnia.org\/omnialafont\/wp-json\/wp\/v2\/posts"}],"about":[{"href":"https:\/\/bloc.xarxa-omnia.org\/omnialafont\/wp-json\/wp\/v2\/types\/post"}],"author":[{"embeddable":true,"href":"https:\/\/bloc.xarxa-omnia.org\/omnialafont\/wp-json\/wp\/v2\/users\/139"}],"replies":[{"embeddable":true,"href":"https:\/\/bloc.xarxa-omnia.org\/omnialafont\/wp-json\/wp\/v2\/comments?post=659"}],"version-history":[{"count":4,"href":"https:\/\/bloc.xarxa-omnia.org\/omnialafont\/wp-json\/wp\/v2\/posts\/659\/revisions"}],"predecessor-version":[{"id":663,"href":"https:\/\/bloc.xarxa-omnia.org\/omnialafont\/wp-json\/wp\/v2\/posts\/659\/revisions\/663"}],"wp:attachment":[{"href":"https:\/\/bloc.xarxa-omnia.org\/omnialafont\/wp-json\/wp\/v2\/media?parent=659"}],"wp:term":[{"taxonomy":"category","embeddable":true,"href":"https:\/\/bloc.xarxa-omnia.org\/omnialafont\/wp-json\/wp\/v2\/categories?post=659"},{"taxonomy":"post_tag","embeddable":true,"href":"https:\/\/bloc.xarxa-omnia.org\/omnialafont\/wp-json\/wp\/v2\/tags?post=659"}],"curies":[{"name":"wp","href":"https:\/\/api.w.org\/{rel}","templated":true}]}}