{"id":922,"date":"2013-04-10T13:52:51","date_gmt":"2013-04-10T11:52:51","guid":{"rendered":"http:\/\/xarxaomnia.gencat.cat\/blocs\/omnialafont\/?p=922"},"modified":"2013-04-10T13:52:51","modified_gmt":"2013-04-10T11:52:51","slug":"divendres-activitat","status":"publish","type":"post","link":"https:\/\/bloc.xarxa-omnia.org\/omnialafont\/2013\/04\/divendres-activitat\/","title":{"rendered":"Divendres Activitat"},"content":{"rendered":"<p>Estrenem un nou projecte!<\/p>\n<p style=\"text-align: justify;\">Despr\u00e9s de realitzar, durant mesos, v\u00e0ries activitats en col\u00b7laboraci\u00f3 amb la Biblioteca Ve\u00efnal, junts hem decidit crear el <span style=\"color: #3366ff;\"><strong>projecte Divendres Activitat.<\/strong><\/span> Primerament, vam passar un formulari als infants que utilitzen els dos serveis per saber les seves demandes i els seus gustos i arrel de les valoracions, vam dissenyar un trimestre ple d&#8217;activitats adre\u00e7ades a tots els nens i nenes que passen per la Biblioteca Ve\u00efnal i pel Punt \u00d2mnia i que per contra, no van participen en cap altre projecte del barri.<\/p>\n<p style=\"text-align: center;\">Cada 15 dies, els divendres de 17 h a 19 h de la tarda fem activitat infantil!<\/p>\n<p style=\"text-align: center;\"><a href=\"http:\/\/xarxaomnia.gencat.cat\/blocs\/omnialafont\/files\/2013\/04\/cartell_activitatsl\u00fadiques_PO_Biblio.jpg\"><img loading=\"lazy\" decoding=\"async\" class=\"size-medium wp-image-923  aligncenter\" title=\"cartell_activitatsl\u00fadiques_PO_Biblio\" src=\"http:\/\/xarxaomnia.gencat.cat\/blocs\/omnialafont\/files\/2013\/04\/cartell_activitatsl\u00fadiques_PO_Biblio-300x212.jpg\" alt=\"\" width=\"300\" height=\"212\" \/><\/a><\/p>\n<p style=\"text-align: center;\">Donarem als infants una targeta amb la graella d&#8217;activitats, i cada vegada que vinguin, els marcarem l&#8217;assist\u00e8ncia i l&#8217;\u00faltim dia del trimestre&#8230; potser reben un obsequi!!!<\/p>\n","protected":false},"excerpt":{"rendered":"<p>Estrenem un nou projecte! Despr\u00e9s de realitzar, durant mesos, v\u00e0ries activitats en col\u00b7laboraci\u00f3 amb la Biblioteca Ve\u00efnal, junts hem decidit crear el projecte Divendres Activitat. Primerament, vam passar un formulari als infants que utilitzen els dos serveis per saber les seves demandes i els seus gustos i arrel de les valoracions, vam dissenyar un trimestre [&hellip;]<\/p>\n","protected":false},"author":139,"featured_media":0,"comment_status":"closed","ping_status":"open","sticky":false,"template":"","format":"standard","meta":{"footnotes":""},"categories":[1672,292,41,353],"tags":[1296,6144,6129,1403],"class_list":{"0":"post-922","1":"post","2":"type-post","3":"status-publish","4":"format-standard","6":"category-divendres-activitat","7":"category-infants","8":"category-mnia","9":"category-xarxa","10":"tag-biblioteca-veinal","11":"tag-divendres-activitat","12":"tag-infants","13":"tag-projecte","14":"czr-hentry"},"_links":{"self":[{"href":"https:\/\/bloc.xarxa-omnia.org\/omnialafont\/wp-json\/wp\/v2\/posts\/922","targetHints":{"allow":["GET"]}}],"collection":[{"href":"https:\/\/bloc.xarxa-omnia.org\/omnialafont\/wp-json\/wp\/v2\/posts"}],"about":[{"href":"https:\/\/bloc.xarxa-omnia.org\/omnialafont\/wp-json\/wp\/v2\/types\/post"}],"author":[{"embeddable":true,"href":"https:\/\/bloc.xarxa-omnia.org\/omnialafont\/wp-json\/wp\/v2\/users\/139"}],"replies":[{"embeddable":true,"href":"https:\/\/bloc.xarxa-omnia.org\/omnialafont\/wp-json\/wp\/v2\/comments?post=922"}],"version-history":[{"count":4,"href":"https:\/\/bloc.xarxa-omnia.org\/omnialafont\/wp-json\/wp\/v2\/posts\/922\/revisions"}],"predecessor-version":[{"id":927,"href":"https:\/\/bloc.xarxa-omnia.org\/omnialafont\/wp-json\/wp\/v2\/posts\/922\/revisions\/927"}],"wp:attachment":[{"href":"https:\/\/bloc.xarxa-omnia.org\/omnialafont\/wp-json\/wp\/v2\/media?parent=922"}],"wp:term":[{"taxonomy":"category","embeddable":true,"href":"https:\/\/bloc.xarxa-omnia.org\/omnialafont\/wp-json\/wp\/v2\/categories?post=922"},{"taxonomy":"post_tag","embeddable":true,"href":"https:\/\/bloc.xarxa-omnia.org\/omnialafont\/wp-json\/wp\/v2\/tags?post=922"}],"curies":[{"name":"wp","href":"https:\/\/api.w.org\/{rel}","templated":true}]}}