{"id":1144,"date":"2013-03-07T19:32:07","date_gmt":"2013-03-07T17:32:07","guid":{"rendered":"http:\/\/xarxaomnia.gencat.cat\/blocs\/omniaavvpomar\/?p=1144"},"modified":"2013-03-07T19:48:31","modified_gmt":"2013-03-07T17:48:31","slug":"veus-de-dones","status":"publish","type":"post","link":"https:\/\/bloc.xarxa-omnia.org\/pomar\/2013\/03\/07\/veus-de-dones\/","title":{"rendered":"Celebrem el dia de la Dona amb&#8230;Veus de Dones"},"content":{"rendered":"<p><em><a href=\"http:\/\/www.xarxa-omnia.org\/santroc\/wp-content\/uploads\/omniasantroc-pomar-cartell-diadona-2013.jpg\"><img loading=\"lazy\" decoding=\"async\" class=\"alignleft size-medium wp-image-8099\" title=\"omniasantroc-pomar-cartell-diadona-2013\" src=\"http:\/\/www.xarxa-omnia.org\/santroc\/wp-content\/uploads\/omniasantroc-pomar-cartell-diadona-2013-300x165.jpg\" alt=\"omniasantroc-pomar-cartell-diadona-2013\" width=\"300\" height=\"165\" \/><\/a><a href=\"http:\/\/www.xarxa-omnia.org\/santroc\/wp-content\/uploads\/veusdedones400.jpg\"><img loading=\"lazy\" decoding=\"async\" class=\"size-thumbnail wp-image-8160 alignright\" title=\"veusdedones400\" src=\"http:\/\/www.xarxa-omnia.org\/santroc\/wp-content\/uploads\/veusdedones400-82x150.jpg\" alt=\"veusdedones400\" width=\"82\" height=\"150\" \/><\/a><em><strong><br \/>\nVeus de Dones<\/strong><\/em> que trenquin  silencis i ens facin sentir m\u00e9s lliures i iguals.<\/p>\n<p>Les seves can\u00e7ons pugen els \u00e0nims cap a la llibertat i la igualtat i ens apropen a la sensibilitat de les persones.<\/p>\n<p style=\"line-height: 180%;\">Els Punt \u00d2mnia Casal C\u00edvic Sant Roc i Casal C\u00edvic Pomar AV Pomar preparem  la celebraci\u00f3 del<strong> <em>Dia de la Dona<\/em><\/strong> amb les seves <strong>can\u00e7ons favorites<\/strong> que proposen els usuaris. Podeu sentir-les en els seus blocs respectius, o afegir les vostres en <strong>Comentaris<\/strong>.<\/p>\n<table border=\"0\" align=\"left\">\n<tbody>\n<tr>\n<td colspan=\"2\">\n<p align=\"center\"><strong><span style=\"color: #ff00ff;\">8 marzo Celebramos el D\u00eda internacional de la Mujer &#8211; 8 mar\u00e7 Celebrem Dia Internacional de la Dona<\/span><\/strong><\/p>\n<\/td>\n<\/tr>\n<tr>\n<td width=\"300\">\n<p style=\"text-align: center;\"><span style=\"color: #1258ec;\"><strong>Radio Voces Mujeres | R\u00e0dio Veus Dones<\/strong><\/span><\/p>\n<p align=\"center\"><object id=\"gsPlaylist8382745952\" classid=\"clsid:d27cdb6e-ae6d-11cf-96b8-444553540000\" width=\"250\" height=\"400\" codebase=\"http:\/\/download.macromedia.com\/pub\/shockwave\/cabs\/flash\/swflash.cab#version=6,0,40,0\"><param name=\"name\" value=\"gsPlaylist8382745952\" \/><param name=\"wmode\" value=\"window\" \/><param name=\"allowScriptAccess\" value=\"always\" \/><param name=\"flashvars\" value=\"hostname=grooveshark.com&amp;playlistID=83827459&amp;p=0&amp;bbg=e81ec0&amp;bth=e81ec0&amp;pfg=e81ec0&amp;lfg=e81ec0&amp;bt=ffffff&amp;pbg=ffffff&amp;pfgh=ffffff&amp;si=ffffff&amp;lbg=ffffff&amp;lfgh=ffffff&amp;sb=ffffff&amp;bfg=348adb&amp;pbgh=348adb&amp;lbgh=348adb&amp;sbh=348adb\" \/><param name=\"src\" value=\"http:\/\/grooveshark.com\/widget.swf\" \/><embed id=\"gsPlaylist8382745952\" type=\"application\/x-shockwave-flash\" width=\"250\" height=\"400\" src=\"http:\/\/grooveshark.com\/widget.swf\" flashvars=\"hostname=grooveshark.com&amp;playlistID=83827459&amp;p=0&amp;bbg=e81ec0&amp;bth=e81ec0&amp;pfg=e81ec0&amp;lfg=e81ec0&amp;bt=ffffff&amp;pbg=ffffff&amp;pfgh=ffffff&amp;si=ffffff&amp;lbg=ffffff&amp;lfgh=ffffff&amp;sb=ffffff&amp;bfg=348adb&amp;pbgh=348adb&amp;lbgh=348adb&amp;sbh=348adb\" allowscriptaccess=\"always\" wmode=\"window\" name=\"gsPlaylist8382745952\"><\/embed><\/object><\/td>\n<td valign=\"top\">\n<p style=\"line-height: 200%;\"><a href=\"http:\/\/www.xarxa-omnia.org\/santroc\/wp-content\/uploads\/veusdedones400.jpg\"><img loading=\"lazy\" decoding=\"async\" class=\"alignleft size-thumbnail wp-image-8160\" title=\"veusdedones400\" src=\"http:\/\/www.xarxa-omnia.org\/santroc\/wp-content\/uploads\/veusdedones400-82x150.jpg\" alt=\"veusdedones400\" width=\"82\" height=\"150\" \/><\/a><em><strong>Voces de Mujeres<\/strong><\/em> que rompan silencios y nos hagan sentir m\u00e1s libres e iguales. Sus canciones suben los \u00e1nimos hacia la libertad y la igualdad y nos acercan a la sensibilidad de las personas.<\/p>\n<p style=\"line-height: 200%;\">Los Telecentros \u00d2mnia Casal C\u00edvic Sant Roc y Casal C\u00edvic Pomar AVV Pomar preparamos la celebraci\u00f3n del D\u00eda Internacional de la Mujer con sus canciones favoritas que proponen los usuarios. Pod\u00e9is disfrutarlas en sus blogs respectivos, o a\u00f1adir las vuestras en <strong>Comentaris<\/strong>.<\/p>\n<p style=\"line-height: 200%;\">\n<\/td>\n<\/tr>\n<\/tbody>\n<\/table>\n<p>&gt;&gt;&gt; Enlla\u00e7os Veus de Dones:<br \/>\n<a href=\"http:\/\/www.xarxa-omnia.org\/santroc\/?p=8098\"> http:\/\/www.xarxa-omnia.org\/santroc\/?p=8098<\/a><br \/>\n<a href=\"http:\/\/xarxaomnia.gencat.cat\/blocs\/omniaavvpomar\/\">http:\/\/xarxaomnia.gencat.cat\/blocs\/omniaavvpomar\/<\/a><\/p>\n","protected":false},"excerpt":{"rendered":"<p>Veus de Dones que trenquin silencis i ens facin sentir m\u00e9s lliures i iguals. Les seves can\u00e7ons pugen els \u00e0nims cap a la llibertat i la igualtat i ens apropen a la sensibilitat de les persones. Els Punt \u00d2mnia Casal C\u00edvic Sant Roc i Casal C\u00edvic Pomar AV Pomar preparem la celebraci\u00f3 del Dia de &#8230; <span class=\"more\"><a class=\"more-link\" href=\"https:\/\/bloc.xarxa-omnia.org\/pomar\/2013\/03\/07\/veus-de-dones\/\">[Read more&#8230;]<\/a><\/span><\/p>\n","protected":false},"author":101,"featured_media":0,"comment_status":"open","ping_status":"open","sticky":false,"template":"","format":"standard","meta":{"footnotes":""},"categories":[1],"tags":[],"class_list":{"0":"entry","1":"post","2":"publish","3":"author-omniaavvpomar","4":"post-1144","6":"format-standard","7":"category-mnia"},"_links":{"self":[{"href":"https:\/\/bloc.xarxa-omnia.org\/pomar\/wp-json\/wp\/v2\/posts\/1144","targetHints":{"allow":["GET"]}}],"collection":[{"href":"https:\/\/bloc.xarxa-omnia.org\/pomar\/wp-json\/wp\/v2\/posts"}],"about":[{"href":"https:\/\/bloc.xarxa-omnia.org\/pomar\/wp-json\/wp\/v2\/types\/post"}],"author":[{"embeddable":true,"href":"https:\/\/bloc.xarxa-omnia.org\/pomar\/wp-json\/wp\/v2\/users\/101"}],"replies":[{"embeddable":true,"href":"https:\/\/bloc.xarxa-omnia.org\/pomar\/wp-json\/wp\/v2\/comments?post=1144"}],"version-history":[{"count":5,"href":"https:\/\/bloc.xarxa-omnia.org\/pomar\/wp-json\/wp\/v2\/posts\/1144\/revisions"}],"predecessor-version":[{"id":1148,"href":"https:\/\/bloc.xarxa-omnia.org\/pomar\/wp-json\/wp\/v2\/posts\/1144\/revisions\/1148"}],"wp:attachment":[{"href":"https:\/\/bloc.xarxa-omnia.org\/pomar\/wp-json\/wp\/v2\/media?parent=1144"}],"wp:term":[{"taxonomy":"category","embeddable":true,"href":"https:\/\/bloc.xarxa-omnia.org\/pomar\/wp-json\/wp\/v2\/categories?post=1144"},{"taxonomy":"post_tag","embeddable":true,"href":"https:\/\/bloc.xarxa-omnia.org\/pomar\/wp-json\/wp\/v2\/tags?post=1144"}],"curies":[{"name":"wp","href":"https:\/\/api.w.org\/{rel}","templated":true}]}}