{"id":1309,"date":"2014-05-27T16:51:10","date_gmt":"2014-05-27T14:51:10","guid":{"rendered":"http:\/\/xarxaomnia.gencat.cat\/blocs\/omniaavvpomar\/?p=1309"},"modified":"2014-05-27T17:00:24","modified_gmt":"2014-05-27T15:00:24","slug":"pomar-literari-2014","status":"publish","type":"post","link":"https:\/\/bloc.xarxa-omnia.org\/pomar\/2014\/05\/27\/pomar-literari-2014\/","title":{"rendered":"Pomar Literari 2014"},"content":{"rendered":"<p><a href=\"http:\/\/xarxaomnia.gencat.cat\/blocs\/omniaavvpomar\/files\/2014\/05\/logo_pomarliterari.jpg\"><img loading=\"lazy\" decoding=\"async\" src=\"http:\/\/xarxaomnia.gencat.cat\/blocs\/omniaavvpomar\/files\/2014\/05\/logo_pomarliterari-300x172.jpg\" alt=\"logo_pomarliterari\" width=\"300\" height=\"172\" class=\"alignnone size-medium wp-image-1310\" srcset=\"https:\/\/bloc.xarxa-omnia.org\/pomar\/files\/2014\/05\/logo_pomarliterari-300x172.jpg 300w, https:\/\/bloc.xarxa-omnia.org\/pomar\/files\/2014\/05\/logo_pomarliterari.jpg 1083w\" sizes=\"auto, (max-width: 300px) 100vw, 300px\" \/><\/a><\/p>\n<p>Activitat organitzada per diverses entitats diins la festa de Pomar-2014<\/p>\n<p>(casal de la Dona, A.C. Apatxe, C\u00eda Katalakasa, Biblioteca Pomar, Punt \u00d2mnia, Fila 10.7, Casal C\u00edvic Pomar, Associaci\u00f3 de la Gent Gran i Cia Amanida Central)<\/p>\n<p><strong>16\/05\/14- Concurs de dibuix infantil<\/strong><\/p>\n<p><strong>27\/05\/14 &#8211; Activitats liter\u00e0ries d&#8217;adults: <\/strong>Lectures po\u00e8tiques i narratives, curt Ave F\u00e9nix &#8220;Resurgir&#8221;, Kam\u00edshibai i el Club de la lucha emocional.<\/p>\n<p><strong>29\/05\/14 &#8211; Activitats liter\u00e0ries infantils:<\/strong> Biblioteca al carrer, tallers, contacontes: &#8220;El gat amb botes&#8221; i &#8220;Ballar amb els n\u00favols&#8221;<\/p>\n<p><strong>03\/06\/4 &#8211; Teatre: 4 Mon\u00f2legues i m\u00e9s<\/strong><\/p>\n<p><strong>04\/06\/14 &#8211; Contacontes amb els avis<\/strong><\/p>\n","protected":false},"excerpt":{"rendered":"<p>Activitat organitzada per diverses entitats diins la festa de Pomar-2014 (casal de la Dona, A.C. Apatxe, C\u00eda Katalakasa, Biblioteca Pomar, Punt \u00d2mnia, Fila 10.7, Casal C\u00edvic Pomar, Associaci\u00f3 de la Gent Gran i Cia Amanida Central) 16\/05\/14- Concurs de dibuix infantil 27\/05\/14 &#8211; Activitats liter\u00e0ries d&#8217;adults: Lectures po\u00e8tiques i narratives, curt Ave F\u00e9nix &#8220;Resurgir&#8221;, Kam\u00edshibai &#8230; <span class=\"more\"><a class=\"more-link\" href=\"https:\/\/bloc.xarxa-omnia.org\/pomar\/2014\/05\/27\/pomar-literari-2014\/\">[Read more&#8230;]<\/a><\/span><\/p>\n","protected":false},"author":101,"featured_media":0,"comment_status":"open","ping_status":"open","sticky":false,"template":"","format":"standard","meta":{"footnotes":""},"categories":[1],"tags":[],"class_list":{"0":"entry","1":"post","2":"publish","3":"author-omniaavvpomar","4":"post-1309","6":"format-standard","7":"category-mnia"},"_links":{"self":[{"href":"https:\/\/bloc.xarxa-omnia.org\/pomar\/wp-json\/wp\/v2\/posts\/1309","targetHints":{"allow":["GET"]}}],"collection":[{"href":"https:\/\/bloc.xarxa-omnia.org\/pomar\/wp-json\/wp\/v2\/posts"}],"about":[{"href":"https:\/\/bloc.xarxa-omnia.org\/pomar\/wp-json\/wp\/v2\/types\/post"}],"author":[{"embeddable":true,"href":"https:\/\/bloc.xarxa-omnia.org\/pomar\/wp-json\/wp\/v2\/users\/101"}],"replies":[{"embeddable":true,"href":"https:\/\/bloc.xarxa-omnia.org\/pomar\/wp-json\/wp\/v2\/comments?post=1309"}],"version-history":[{"count":4,"href":"https:\/\/bloc.xarxa-omnia.org\/pomar\/wp-json\/wp\/v2\/posts\/1309\/revisions"}],"predecessor-version":[{"id":1314,"href":"https:\/\/bloc.xarxa-omnia.org\/pomar\/wp-json\/wp\/v2\/posts\/1309\/revisions\/1314"}],"wp:attachment":[{"href":"https:\/\/bloc.xarxa-omnia.org\/pomar\/wp-json\/wp\/v2\/media?parent=1309"}],"wp:term":[{"taxonomy":"category","embeddable":true,"href":"https:\/\/bloc.xarxa-omnia.org\/pomar\/wp-json\/wp\/v2\/categories?post=1309"},{"taxonomy":"post_tag","embeddable":true,"href":"https:\/\/bloc.xarxa-omnia.org\/pomar\/wp-json\/wp\/v2\/tags?post=1309"}],"curies":[{"name":"wp","href":"https:\/\/api.w.org\/{rel}","templated":true}]}}