{"id":1664,"date":"2016-04-13T14:01:38","date_gmt":"2016-04-13T12:01:38","guid":{"rendered":"http:\/\/xarxaomnia.gencat.cat\/blocs\/pomar\/?p=1664"},"modified":"2016-04-13T14:01:38","modified_gmt":"2016-04-13T12:01:38","slug":"evocacio-de-records-a-traves-de-la-musica","status":"publish","type":"post","link":"https:\/\/bloc.xarxa-omnia.org\/pomar\/2016\/04\/13\/evocacio-de-records-a-traves-de-la-musica\/","title":{"rendered":"Evocaci\u00f3 de records a trav\u00e9s de la m\u00fasica"},"content":{"rendered":"<p>El Punt \u00d2mnia Pomar i el Pla Comunitari  vam realitzar un taller d&#8217;audici\u00f3 musical: records musicals dels anys 50 i 60 amb persones usu\u00e0ries  del projecte Xarxa Solid\u00e0ria i el suport de les seves volunt\u00e0ries. Un recorregut sonor pel bagatge musical dels participants: Gardel, Mach\u00edn, Serrat, Nat king Cole, Roc\u00edo Jurado, Duo Din\u00e1mico, Los Bravos, Los Panchos, Orquesta Topolino, Nino Bravo, Manolo Escobar. I a m\u00e9s a m\u00e9s, cobles, pasdobles, bolers i can\u00e7ons populars.<\/p>\n<p><a href=\"http:\/\/xarxaomnia.gencat.cat\/blocs\/pomar\/files\/2016\/04\/12985595_1714942028757773_308034718367176910_n.jpg\" rel=\"attachment wp-att-1665\"><img loading=\"lazy\" decoding=\"async\" src=\"http:\/\/xarxaomnia.gencat.cat\/blocs\/pomar\/files\/2016\/04\/12985595_1714942028757773_308034718367176910_n-300x169.jpg\" alt=\"12985595_1714942028757773_308034718367176910_n\" width=\"300\" height=\"169\" class=\"alignnone size-medium wp-image-1665\" srcset=\"https:\/\/bloc.xarxa-omnia.org\/pomar\/files\/2016\/04\/12985595_1714942028757773_308034718367176910_n-300x169.jpg 300w, https:\/\/bloc.xarxa-omnia.org\/pomar\/files\/2016\/04\/12985595_1714942028757773_308034718367176910_n-768x432.jpg 768w, https:\/\/bloc.xarxa-omnia.org\/pomar\/files\/2016\/04\/12985595_1714942028757773_308034718367176910_n.jpg 960w\" sizes=\"auto, (max-width: 300px) 100vw, 300px\" \/><\/a><\/p>\n","protected":false},"excerpt":{"rendered":"<p>El Punt \u00d2mnia Pomar i el Pla Comunitari vam realitzar un taller d&#8217;audici\u00f3 musical: records musicals dels anys 50 i 60 amb persones usu\u00e0ries del projecte Xarxa Solid\u00e0ria i el suport de les seves volunt\u00e0ries. Un recorregut sonor pel bagatge musical dels participants: Gardel, Mach\u00edn, Serrat, Nat king Cole, Roc\u00edo Jurado, Duo Din\u00e1mico, Los Bravos, &#8230; <span class=\"more\"><a class=\"more-link\" href=\"https:\/\/bloc.xarxa-omnia.org\/pomar\/2016\/04\/13\/evocacio-de-records-a-traves-de-la-musica\/\">[Read more&#8230;]<\/a><\/span><\/p>\n","protected":false},"author":101,"featured_media":0,"comment_status":"closed","ping_status":"closed","sticky":false,"template":"","format":"standard","meta":{"footnotes":""},"categories":[1],"tags":[],"class_list":{"0":"entry","1":"post","2":"publish","3":"author-omniaavvpomar","4":"post-1664","6":"format-standard","7":"category-mnia"},"_links":{"self":[{"href":"https:\/\/bloc.xarxa-omnia.org\/pomar\/wp-json\/wp\/v2\/posts\/1664","targetHints":{"allow":["GET"]}}],"collection":[{"href":"https:\/\/bloc.xarxa-omnia.org\/pomar\/wp-json\/wp\/v2\/posts"}],"about":[{"href":"https:\/\/bloc.xarxa-omnia.org\/pomar\/wp-json\/wp\/v2\/types\/post"}],"author":[{"embeddable":true,"href":"https:\/\/bloc.xarxa-omnia.org\/pomar\/wp-json\/wp\/v2\/users\/101"}],"replies":[{"embeddable":true,"href":"https:\/\/bloc.xarxa-omnia.org\/pomar\/wp-json\/wp\/v2\/comments?post=1664"}],"version-history":[{"count":1,"href":"https:\/\/bloc.xarxa-omnia.org\/pomar\/wp-json\/wp\/v2\/posts\/1664\/revisions"}],"predecessor-version":[{"id":1666,"href":"https:\/\/bloc.xarxa-omnia.org\/pomar\/wp-json\/wp\/v2\/posts\/1664\/revisions\/1666"}],"wp:attachment":[{"href":"https:\/\/bloc.xarxa-omnia.org\/pomar\/wp-json\/wp\/v2\/media?parent=1664"}],"wp:term":[{"taxonomy":"category","embeddable":true,"href":"https:\/\/bloc.xarxa-omnia.org\/pomar\/wp-json\/wp\/v2\/categories?post=1664"},{"taxonomy":"post_tag","embeddable":true,"href":"https:\/\/bloc.xarxa-omnia.org\/pomar\/wp-json\/wp\/v2\/tags?post=1664"}],"curies":[{"name":"wp","href":"https:\/\/api.w.org\/{rel}","templated":true}]}}