{"id":1712,"date":"2016-11-08T18:33:08","date_gmt":"2016-11-08T16:33:08","guid":{"rendered":"http:\/\/xarxaomnia.gencat.cat\/blocs\/pomar\/?p=1712"},"modified":"2016-11-08T18:36:59","modified_gmt":"2016-11-08T16:36:59","slug":"celebracio-de-la-castanyada-al-punt-omnia-del-barri-de-pomar-a-badalona","status":"publish","type":"post","link":"https:\/\/bloc.xarxa-omnia.org\/pomar\/2016\/11\/08\/celebracio-de-la-castanyada-al-punt-omnia-del-barri-de-pomar-a-badalona\/","title":{"rendered":"Celebraci\u00f3 de la Castanyada al Punt \u00d2mnia del barri de Pomar, a Badalona"},"content":{"rendered":"<p><a href=\"http:\/\/xarxaomnia.gencat.cat\/blocs\/pomar\/files\/2016\/11\/14650565_1171123279621114_515293851286893899_n.jpg\" rel=\"attachment wp-att-1713\"><img loading=\"lazy\" decoding=\"async\" src=\"http:\/\/xarxaomnia.gencat.cat\/blocs\/pomar\/files\/2016\/11\/14650565_1171123279621114_515293851286893899_n-212x300.jpg\" alt=\"14650565_1171123279621114_515293851286893899_n\" width=\"212\" height=\"300\" class=\"alignnone size-medium wp-image-1713\" srcset=\"https:\/\/bloc.xarxa-omnia.org\/pomar\/files\/2016\/11\/14650565_1171123279621114_515293851286893899_n-212x300.jpg 212w, https:\/\/bloc.xarxa-omnia.org\/pomar\/files\/2016\/11\/14650565_1171123279621114_515293851286893899_n.jpg 678w\" sizes=\"auto, (max-width: 212px) 100vw, 212px\" \/><\/a><\/p>\n<p><a href=\"http:\/\/xarxaomnia.gencat.cat\/blocs\/pomar\/files\/2016\/11\/14720535_1171123276287781_1376302142746610351_n.jpg\" rel=\"attachment wp-att-1714\"><img loading=\"lazy\" decoding=\"async\" src=\"http:\/\/xarxaomnia.gencat.cat\/blocs\/pomar\/files\/2016\/11\/14720535_1171123276287781_1376302142746610351_n-212x300.jpg\" alt=\"14720535_1171123276287781_1376302142746610351_n\" width=\"212\" height=\"300\" class=\"alignnone size-medium wp-image-1714\" srcset=\"https:\/\/bloc.xarxa-omnia.org\/pomar\/files\/2016\/11\/14720535_1171123276287781_1376302142746610351_n-212x300.jpg 212w, https:\/\/bloc.xarxa-omnia.org\/pomar\/files\/2016\/11\/14720535_1171123276287781_1376302142746610351_n.jpg 678w\" sizes=\"auto, (max-width: 212px) 100vw, 212px\" \/><\/a><br \/>\nPer celebrar <strong>la Castanyada 2016,<\/strong> el Punt \u00d2mnia Casal C\u00edvic Pomar a Badalona ha fet un <strong>photocall amb els seus usuaris <\/strong>perqu\u00e8 tota la gent del territori gaudeixi fent-s\u2019hi fotografies.<\/p>\n<p>Aquesta activitat del <strong><strong>photocall<\/strong><\/strong> ha estat una de les propostes consensuades amb totes les entitats i els serveis del territori que es reuneixen al Centre C\u00edvic Pomar.<\/p>\n<p>A m\u00e9s a m\u00e9s, el Punt \u00d2mnia, amb la col\u00b7laboraci\u00f3 d&#8217;altres entitats, ha organitzat tallers infantils, tallers d&#8217;explicar <strong>contes de castanyada<\/strong>, activitats de maquillatge, <strong>activitats de percussi\u00f3<\/strong>, el taller del <strong>passatge del terror<\/strong> i, finalment, una castanyada popular amb molt bona participaci\u00f3.<\/p>\n<div id=\"attachment_1715\" style=\"width: 310px\" class=\"wp-caption alignnone\"><a href=\"http:\/\/xarxaomnia.gencat.cat\/blocs\/pomar\/files\/2016\/11\/pa280105.jpg\" rel=\"attachment wp-att-1715\"><img loading=\"lazy\" decoding=\"async\" aria-describedby=\"caption-attachment-1715\" src=\"http:\/\/xarxaomnia.gencat.cat\/blocs\/pomar\/files\/2016\/11\/pa280105-300x251.jpg\" alt=\"OLYMPUS DIGITAL CAMERA\" width=\"300\" height=\"251\" class=\"size-medium wp-image-1715\" srcset=\"https:\/\/bloc.xarxa-omnia.org\/pomar\/files\/2016\/11\/pa280105-300x251.jpg 300w, https:\/\/bloc.xarxa-omnia.org\/pomar\/files\/2016\/11\/pa280105-768x643.jpg 768w\" sizes=\"auto, (max-width: 300px) 100vw, 300px\" \/><\/a><p id=\"caption-attachment-1715\" class=\"wp-caption-text\">OLYMPUS DIGITAL CAMERA<\/p><\/div>\n","protected":false},"excerpt":{"rendered":"<p>Per celebrar la Castanyada 2016, el Punt \u00d2mnia Casal C\u00edvic Pomar a Badalona ha fet un photocall amb els seus usuaris perqu\u00e8 tota la gent del territori gaudeixi fent-s\u2019hi fotografies. Aquesta activitat del photocall ha estat una de les propostes consensuades amb totes les entitats i els serveis del territori que es reuneixen al Centre &#8230; <span class=\"more\"><a class=\"more-link\" href=\"https:\/\/bloc.xarxa-omnia.org\/pomar\/2016\/11\/08\/celebracio-de-la-castanyada-al-punt-omnia-del-barri-de-pomar-a-badalona\/\">[Read more&#8230;]<\/a><\/span><\/p>\n","protected":false},"author":101,"featured_media":0,"comment_status":"closed","ping_status":"closed","sticky":false,"template":"","format":"standard","meta":{"footnotes":""},"categories":[1],"tags":[],"class_list":{"0":"entry","1":"post","2":"publish","3":"author-omniaavvpomar","4":"post-1712","6":"format-standard","7":"category-mnia"},"_links":{"self":[{"href":"https:\/\/bloc.xarxa-omnia.org\/pomar\/wp-json\/wp\/v2\/posts\/1712","targetHints":{"allow":["GET"]}}],"collection":[{"href":"https:\/\/bloc.xarxa-omnia.org\/pomar\/wp-json\/wp\/v2\/posts"}],"about":[{"href":"https:\/\/bloc.xarxa-omnia.org\/pomar\/wp-json\/wp\/v2\/types\/post"}],"author":[{"embeddable":true,"href":"https:\/\/bloc.xarxa-omnia.org\/pomar\/wp-json\/wp\/v2\/users\/101"}],"replies":[{"embeddable":true,"href":"https:\/\/bloc.xarxa-omnia.org\/pomar\/wp-json\/wp\/v2\/comments?post=1712"}],"version-history":[{"count":3,"href":"https:\/\/bloc.xarxa-omnia.org\/pomar\/wp-json\/wp\/v2\/posts\/1712\/revisions"}],"predecessor-version":[{"id":1718,"href":"https:\/\/bloc.xarxa-omnia.org\/pomar\/wp-json\/wp\/v2\/posts\/1712\/revisions\/1718"}],"wp:attachment":[{"href":"https:\/\/bloc.xarxa-omnia.org\/pomar\/wp-json\/wp\/v2\/media?parent=1712"}],"wp:term":[{"taxonomy":"category","embeddable":true,"href":"https:\/\/bloc.xarxa-omnia.org\/pomar\/wp-json\/wp\/v2\/categories?post=1712"},{"taxonomy":"post_tag","embeddable":true,"href":"https:\/\/bloc.xarxa-omnia.org\/pomar\/wp-json\/wp\/v2\/tags?post=1712"}],"curies":[{"name":"wp","href":"https:\/\/api.w.org\/{rel}","templated":true}]}}