{"id":1744,"date":"2017-04-26T14:41:25","date_gmt":"2017-04-26T12:41:25","guid":{"rendered":"http:\/\/xarxaomnia.gencat.cat\/blocs\/pomar\/?p=1744"},"modified":"2017-04-26T14:43:56","modified_gmt":"2017-04-26T12:43:56","slug":"concurs-de-microrelats","status":"publish","type":"post","link":"https:\/\/bloc.xarxa-omnia.org\/pomar\/2017\/04\/26\/concurs-de-microrelats\/","title":{"rendered":"Concurs de microrelats: &#8220;Dones i Barris&#8221;"},"content":{"rendered":"<p><strong>Els premis es dividiran en tres categories:<br \/>\n1. La dona en el moviment ve\u00efnal. (participaci\u00f3 en el moviment associatiu del<br \/>\nbarri\/ciutat).<br \/>\n2. Les \u00e0vies del segle XXI<br \/>\n3. Quan vaig arribar a &#8230; (l\u2019arribada al nou barri\/ciutat)<br \/>\nPer cada categoria, hi haur\u00e0 un \u00fanic relat guanyador. El premi ser\u00e0 una tableta digital.<\/strong><\/p>\n<p><img loading=\"lazy\" decoding=\"async\" src=\"http:\/\/xarxaomnia.gencat.cat\/blocs\/pomar\/files\/2017\/04\/c\u00f2pia-de-concursDones-212x300.jpg\" alt=\"c\u00f2pia de concursDones\" width=\"212\" height=\"300\" class=\"alignnone size-medium wp-image-1745\" srcset=\"https:\/\/bloc.xarxa-omnia.org\/pomar\/files\/2017\/04\/c\u00f2pia-de-concursDones-212x300.jpg 212w, https:\/\/bloc.xarxa-omnia.org\/pomar\/files\/2017\/04\/c\u00f2pia-de-concursDones.jpg 1169w\" sizes=\"auto, (max-width: 212px) 100vw, 212px\" \/><\/p>\n<p><img loading=\"lazy\" decoding=\"async\" src=\"http:\/\/xarxaomnia.gencat.cat\/blocs\/pomar\/files\/2017\/04\/BasesDones_web-212x300.jpg\" alt=\"BasesDones_web\" width=\"212\" height=\"300\" class=\"alignnone size-medium wp-image-1746\" srcset=\"https:\/\/bloc.xarxa-omnia.org\/pomar\/files\/2017\/04\/BasesDones_web-212x300.jpg 212w, https:\/\/bloc.xarxa-omnia.org\/pomar\/files\/2017\/04\/BasesDones_web.jpg 826w\" sizes=\"auto, (max-width: 212px) 100vw, 212px\" \/><\/p>\n","protected":false},"excerpt":{"rendered":"<p>Els premis es dividiran en tres categories: 1. La dona en el moviment ve\u00efnal. (participaci\u00f3 en el moviment associatiu del barri\/ciutat). 2. Les \u00e0vies del segle XXI 3. Quan vaig arribar a &#8230; (l\u2019arribada al nou barri\/ciutat) Per cada categoria, hi haur\u00e0 un \u00fanic relat guanyador. El premi ser\u00e0 una tableta digital.<\/p>\n","protected":false},"author":101,"featured_media":0,"comment_status":"closed","ping_status":"closed","sticky":false,"template":"","format":"standard","meta":{"footnotes":""},"categories":[1],"tags":[],"class_list":{"0":"entry","1":"post","2":"publish","3":"author-omniaavvpomar","4":"post-1744","6":"format-standard","7":"category-mnia"},"_links":{"self":[{"href":"https:\/\/bloc.xarxa-omnia.org\/pomar\/wp-json\/wp\/v2\/posts\/1744","targetHints":{"allow":["GET"]}}],"collection":[{"href":"https:\/\/bloc.xarxa-omnia.org\/pomar\/wp-json\/wp\/v2\/posts"}],"about":[{"href":"https:\/\/bloc.xarxa-omnia.org\/pomar\/wp-json\/wp\/v2\/types\/post"}],"author":[{"embeddable":true,"href":"https:\/\/bloc.xarxa-omnia.org\/pomar\/wp-json\/wp\/v2\/users\/101"}],"replies":[{"embeddable":true,"href":"https:\/\/bloc.xarxa-omnia.org\/pomar\/wp-json\/wp\/v2\/comments?post=1744"}],"version-history":[{"count":3,"href":"https:\/\/bloc.xarxa-omnia.org\/pomar\/wp-json\/wp\/v2\/posts\/1744\/revisions"}],"predecessor-version":[{"id":1749,"href":"https:\/\/bloc.xarxa-omnia.org\/pomar\/wp-json\/wp\/v2\/posts\/1744\/revisions\/1749"}],"wp:attachment":[{"href":"https:\/\/bloc.xarxa-omnia.org\/pomar\/wp-json\/wp\/v2\/media?parent=1744"}],"wp:term":[{"taxonomy":"category","embeddable":true,"href":"https:\/\/bloc.xarxa-omnia.org\/pomar\/wp-json\/wp\/v2\/categories?post=1744"},{"taxonomy":"post_tag","embeddable":true,"href":"https:\/\/bloc.xarxa-omnia.org\/pomar\/wp-json\/wp\/v2\/tags?post=1744"}],"curies":[{"name":"wp","href":"https:\/\/api.w.org\/{rel}","templated":true}]}}