{"id":1763,"date":"2017-10-23T14:30:28","date_gmt":"2017-10-23T12:30:28","guid":{"rendered":"http:\/\/xarxaomnia.gencat.cat\/blocs\/pomar\/?p=1763"},"modified":"2017-10-23T14:34:55","modified_gmt":"2017-10-23T12:34:55","slug":"pomar-fa-50-anys-exposicio-de-fotografies","status":"publish","type":"post","link":"https:\/\/bloc.xarxa-omnia.org\/pomar\/2017\/10\/23\/pomar-fa-50-anys-exposicio-de-fotografies\/","title":{"rendered":"Pomar fa 50 anys&#8230; Exposici\u00f3 de fotografies"},"content":{"rendered":"<p><strong>La Comissi\u00f3 del 50 \u00e8 aniversari de Pomar es complauen a convidar-vos a l\u2019exposici\u00f3 Pomar fa cinquanta anys !!<\/p>\n<p><strong>Del 24 d&#8217;octubre al 19 de novembre 2017 al Casal de la Gent Gran de Pomar <\/strong><\/strong><\/p>\n<p><strong>L&#8217;inauguraci\u00f3  tindr\u00e0 lloc el<\/strong> <strong><strong>dimarts dia 24 d\u2019octubre a les 19 hores.<br \/>\nAquesta exposici\u00f3 \u00e9s fruit del treball conjunt i la implicaci\u00f3 del Museu de Badalona i de la Comissi\u00f3 de treball del 50 \u00e8 aniversari del barri de Pomar.  Recull la hist\u00f2ria i la vida quotidiana del barri, aix\u00ed com el seu destacat moviment associatiu.<\/p>\n<p>Les diferents fotografies aportades per persones i entitats del territori s\u00f3n la mat\u00e8ria principal d\u2019aquesta exposici\u00f3 on ve\u00efns i ve\u00efnes es podran recon\u00e8ixer.<\/p>\n<p><strong>Activitat relacionada:<\/strong> Lectura de Microrrelats de Pomar,creaci\u00f3 de les usu\u00e0ries del Punt \u00d2mnia el proper 14 de novembre a las 18,30h<\/p>\n<p><img loading=\"lazy\" decoding=\"async\" src=\"http:\/\/xarxaomnia.gencat.cat\/blocs\/pomar\/files\/2017\/10\/flyer-digital-pomar-2017-1-150x300.jpg\" alt=\"flyer digital pomar 2017-1\" width=\"150\" height=\"300\" class=\"alignnone size-medium wp-image-1764\" srcset=\"https:\/\/bloc.xarxa-omnia.org\/pomar\/files\/2017\/10\/flyer-digital-pomar-2017-1-150x300.jpg 150w, https:\/\/bloc.xarxa-omnia.org\/pomar\/files\/2017\/10\/flyer-digital-pomar-2017-1.jpg 413w\" sizes=\"auto, (max-width: 150px) 100vw, 150px\" \/><\/p>\n<p><img loading=\"lazy\" decoding=\"async\" src=\"http:\/\/xarxaomnia.gencat.cat\/blocs\/pomar\/files\/2017\/10\/flyer-digital-pomar-2017-2-150x300.jpg\" alt=\"flyer digital pomar 2017-2\" width=\"150\" height=\"300\" class=\"alignnone size-medium wp-image-1765\" srcset=\"https:\/\/bloc.xarxa-omnia.org\/pomar\/files\/2017\/10\/flyer-digital-pomar-2017-2-150x300.jpg 150w, https:\/\/bloc.xarxa-omnia.org\/pomar\/files\/2017\/10\/flyer-digital-pomar-2017-2.jpg 413w\" sizes=\"auto, (max-width: 150px) 100vw, 150px\" \/><\/p>\n","protected":false},"excerpt":{"rendered":"<p>La Comissi\u00f3 del 50 \u00e8 aniversari de Pomar es complauen a convidar-vos a l\u2019exposici\u00f3 Pomar fa cinquanta anys !! Del 24 d&#8217;octubre al 19 de novembre 2017 al Casal de la Gent Gran de Pomar L&#8217;inauguraci\u00f3 tindr\u00e0 lloc el dimarts dia 24 d\u2019octubre a les 19 hores. Aquesta exposici\u00f3 \u00e9s fruit del treball conjunt i &#8230; <span class=\"more\"><a class=\"more-link\" href=\"https:\/\/bloc.xarxa-omnia.org\/pomar\/2017\/10\/23\/pomar-fa-50-anys-exposicio-de-fotografies\/\">[Read more&#8230;]<\/a><\/span><\/p>\n","protected":false},"author":101,"featured_media":0,"comment_status":"closed","ping_status":"closed","sticky":false,"template":"","format":"standard","meta":{"footnotes":""},"categories":[1],"tags":[],"class_list":{"0":"entry","1":"post","2":"publish","3":"author-omniaavvpomar","4":"post-1763","6":"format-standard","7":"category-mnia"},"_links":{"self":[{"href":"https:\/\/bloc.xarxa-omnia.org\/pomar\/wp-json\/wp\/v2\/posts\/1763","targetHints":{"allow":["GET"]}}],"collection":[{"href":"https:\/\/bloc.xarxa-omnia.org\/pomar\/wp-json\/wp\/v2\/posts"}],"about":[{"href":"https:\/\/bloc.xarxa-omnia.org\/pomar\/wp-json\/wp\/v2\/types\/post"}],"author":[{"embeddable":true,"href":"https:\/\/bloc.xarxa-omnia.org\/pomar\/wp-json\/wp\/v2\/users\/101"}],"replies":[{"embeddable":true,"href":"https:\/\/bloc.xarxa-omnia.org\/pomar\/wp-json\/wp\/v2\/comments?post=1763"}],"version-history":[{"count":5,"href":"https:\/\/bloc.xarxa-omnia.org\/pomar\/wp-json\/wp\/v2\/posts\/1763\/revisions"}],"predecessor-version":[{"id":1770,"href":"https:\/\/bloc.xarxa-omnia.org\/pomar\/wp-json\/wp\/v2\/posts\/1763\/revisions\/1770"}],"wp:attachment":[{"href":"https:\/\/bloc.xarxa-omnia.org\/pomar\/wp-json\/wp\/v2\/media?parent=1763"}],"wp:term":[{"taxonomy":"category","embeddable":true,"href":"https:\/\/bloc.xarxa-omnia.org\/pomar\/wp-json\/wp\/v2\/categories?post=1763"},{"taxonomy":"post_tag","embeddable":true,"href":"https:\/\/bloc.xarxa-omnia.org\/pomar\/wp-json\/wp\/v2\/tags?post=1763"}],"curies":[{"name":"wp","href":"https:\/\/api.w.org\/{rel}","templated":true}]}}